{"id":937,"date":"2020-03-29T13:40:12","date_gmt":"2020-03-29T11:40:12","guid":{"rendered":"https:\/\/www.informazione365.net\/?p=937"},"modified":"2020-03-29T13:40:12","modified_gmt":"2020-03-29T11:40:12","slug":"nerola-al-via-il-pronto-soccorso-psicologico-emergenza-coronavirus-numero-verde-800-68-50-25","status":"publish","type":"post","link":"https:\/\/informazione365.net\/index.php\/2020\/03\/29\/nerola-al-via-il-pronto-soccorso-psicologico-emergenza-coronavirus-numero-verde-800-68-50-25\/","title":{"rendered":"Nerola: al via il Pronto Soccorso Psicologico Emergenza Coronavirus. Numero verde 800.68.50.25"},"content":{"rendered":"\n<p>La ASL Roma 5 in collaborazione con il \u201cCentro Alfredo Rampi\u201d ha attivato un servizio di Pronto Soccorso Psicologico Emergenza Coronavirus per la comunit\u00e0 di Nerola.<br>\u201cI professionisti \u2013 spiega il Direttore generale della ASL Roma 5, Giorgio Giulio Santonocito &#8211; sono a disposizione per chi ha bisogno di sostegno e conforto, per chi cerca informazioni, per genitori che necessitano di&nbsp;indicazioni per i figli, per operatori sanitari e del soccorso, forze dell&#8217;ordine, ecc. Gli psicologi del Centro, con cui abbiamo stipulato questa importante convenzione, sono a disposizione per fornire un supporto professionale e umano\u201d.<\/p>\n\n\n\n<p>Il servizio gratuito \u00e8 pensato per rispondere ai bisogni di informazione e sostegno tramite:<br>\u2022 Numero Verde 800.68.50.25<\/p>\n\n\n\n<p>Attivo da questa sera, sabato 28 marzo 2020 dalle ore 20.00 alle 23.00 e domani domenica 29 marzo dalle ore 10.00 alle 18.00 e poi lun-ven (sempre ore 10.00-18.00).<br>\u201cStiamo affrontando un periodo inedito, surreale e inimmaginabile fino a due mesi fa \u2013 spiegano dal Centro Alfredo Rampi -. Chiedere aiuto, in questi frangenti, non \u00e8 un segnale di debolezza, ma di grande coraggio e consapevolezza: il coraggio e la libert\u00e0 di ammettere i propri limiti, la consapevolezza del potere delle relazioni e del supporto sociale (ancora pi\u00f9 valido se ricercato presso persone e istituzioni qualificate, in un momento di grande confusione e diffusione di fake news ) per comprendere e trasformare le inevitabili paure e incertezze di questo periodo, a livello personale e comunitario\u201d.<\/p>\n","protected":false},"excerpt":{"rendered":"<p>La ASL Roma 5 in collaborazione con il \u201cCentro Alfredo Rampi\u201d ha attivato un servizio di Pronto Soccorso Psicologico Emergenza Coronavirus per la comunit\u00e0 di Nerola.\u201cI professionisti \u2013 spiega il Direttore generale della ASL Roma 5, Giorgio Giulio Santonocito &#8211; sono a disposizione per chi ha bisogno di sostegno e conforto, per chi cerca informazioni, &hellip;<\/p>\n","protected":false},"author":1,"featured_media":938,"comment_status":"open","ping_status":"open","sticky":false,"template":"","format":"standard","meta":{"footnotes":""},"categories":[28,29],"tags":[],"class_list":["post-937","post","type-post","status-publish","format-standard","has-post-thumbnail","hentry","category-promo","category-sanita"],"_links":{"self":[{"href":"https:\/\/informazione365.net\/index.php\/wp-json\/wp\/v2\/posts\/937","targetHints":{"allow":["GET"]}}],"collection":[{"href":"https:\/\/informazione365.net\/index.php\/wp-json\/wp\/v2\/posts"}],"about":[{"href":"https:\/\/informazione365.net\/index.php\/wp-json\/wp\/v2\/types\/post"}],"author":[{"embeddable":true,"href":"https:\/\/informazione365.net\/index.php\/wp-json\/wp\/v2\/users\/1"}],"replies":[{"embeddable":true,"href":"https:\/\/informazione365.net\/index.php\/wp-json\/wp\/v2\/comments?post=937"}],"version-history":[{"count":0,"href":"https:\/\/informazione365.net\/index.php\/wp-json\/wp\/v2\/posts\/937\/revisions"}],"wp:featuredmedia":[{"embeddable":true,"href":"https:\/\/informazione365.net\/index.php\/wp-json\/wp\/v2\/media\/938"}],"wp:attachment":[{"href":"https:\/\/informazione365.net\/index.php\/wp-json\/wp\/v2\/media?parent=937"}],"wp:term":[{"taxonomy":"category","embeddable":true,"href":"https:\/\/informazione365.net\/index.php\/wp-json\/wp\/v2\/categories?post=937"},{"taxonomy":"post_tag","embeddable":true,"href":"https:\/\/informazione365.net\/index.php\/wp-json\/wp\/v2\/tags?post=937"}],"curies":[{"name":"wp","href":"https:\/\/api.w.org\/{rel}","templated":true}]}}