{"id":898,"date":"2020-03-24T14:42:39","date_gmt":"2020-03-24T13:42:39","guid":{"rendered":"https:\/\/www.informazione365.net\/?p=898"},"modified":"2020-03-24T14:42:39","modified_gmt":"2020-03-24T13:42:39","slug":"coronavirus-il-governo-sapeva-tutto-gia-a-gennaio","status":"publish","type":"post","link":"https:\/\/informazione365.net\/index.php\/2020\/03\/24\/coronavirus-il-governo-sapeva-tutto-gia-a-gennaio\/","title":{"rendered":"Coronavirus, il Governo sapeva tutto gi\u00e0 a gennaio"},"content":{"rendered":"\n<p>Il Governo italiano gi\u00e0 sapeva. E lo sapeva almeno dal 31 gennaio 2020, ossia quasi 40 giorni prima dei provvedimenti adottati per il nord Italia, definita zona rossa. Lo testimonia la Gazzetta ufficiale, dove il Ministro della Salute si \u00e8 visto costretto a dichiarare lo stato di emergenza nazionale a causa dei \u201crischi connessi ad agenti virali trasmissibili\u201d. Nello specifico si sollecitavano \u201ctutte le iniziative di carattere\u00a0straordinario\u201d sull\u2019intero territorio nazionale vista l\u2019impossibilit\u00e0 di fronteggiare la situazione con \u201cmezzi e poteri ordinari\u201d, tanto che nella delibera stessa veniva \u201cdichiarato per 6 mesi dalla data del presente provvedimento, lo stato di emergenza in conseguenza del rischio sanitario connesso all\u2019insorgere a di patologie derivanti da agenti virali trasmissibili\u201d. In un momento di forte impegno sociale e istituzionale per debellare la pandemia da Coronavirus non c\u2019\u00e8 desiderio alcuno di creare polemica da parte di chicchessia, ma terminata l\u2019emergenza qualcuno dovr\u00e0 rispondere di questa leggerezza o mancanza di tempestivit\u00e0 nell\u2019applicare il provvedimento. \u201cCome si evince dalla Gazzetta Ufficiale del 31 gennaio 2020 &#8211; dichiara il coordinatore della Lega per Guidonia, Alessandro Messa &#8211; lo stato di emergenza \u00e8 stato dichiarato sin da subito. Oltre tutto va considerato che dopo quel decreto \u00e8 stato fatto anche il Festival di Sanremo e che il presidente della Repubblica Sergio Mattarella \u00e8 andato in visita, senza alcuna protezione, in una scuola multietnica, la Manin del quartiere Esquilino di Roma, nel cuore della Chinatown della Capitale appena cinque giorni pi\u00f9 tardi. Il ritardo con il quale il Governo ha iniziato ad adottare le prime misure (quasi un mese e mezzo) dopo la dichiarazione dello stato di emergenza \u00e8 imperdonabile. Mi attendo delle conseguenze penali ed un processo appena sar\u00e0 terminata l\u2019emergenza\u201d. <\/p>\n","protected":false},"excerpt":{"rendered":"<p>Il Governo italiano gi\u00e0 sapeva. E lo sapeva almeno dal 31 gennaio 2020, ossia quasi 40 giorni prima dei provvedimenti adottati per il nord Italia, definita zona rossa. Lo testimonia la Gazzetta ufficiale, dove il Ministro della Salute si \u00e8 visto costretto a dichiarare lo stato di emergenza nazionale a causa dei \u201crischi connessi ad &hellip;<\/p>\n","protected":false},"author":1,"featured_media":899,"comment_status":"open","ping_status":"open","sticky":false,"template":"","format":"standard","meta":{"footnotes":""},"categories":[2,28],"tags":[],"class_list":["post-898","post","type-post","status-publish","format-standard","has-post-thumbnail","hentry","category-cronaca","category-promo"],"_links":{"self":[{"href":"https:\/\/informazione365.net\/index.php\/wp-json\/wp\/v2\/posts\/898","targetHints":{"allow":["GET"]}}],"collection":[{"href":"https:\/\/informazione365.net\/index.php\/wp-json\/wp\/v2\/posts"}],"about":[{"href":"https:\/\/informazione365.net\/index.php\/wp-json\/wp\/v2\/types\/post"}],"author":[{"embeddable":true,"href":"https:\/\/informazione365.net\/index.php\/wp-json\/wp\/v2\/users\/1"}],"replies":[{"embeddable":true,"href":"https:\/\/informazione365.net\/index.php\/wp-json\/wp\/v2\/comments?post=898"}],"version-history":[{"count":0,"href":"https:\/\/informazione365.net\/index.php\/wp-json\/wp\/v2\/posts\/898\/revisions"}],"wp:featuredmedia":[{"embeddable":true,"href":"https:\/\/informazione365.net\/index.php\/wp-json\/wp\/v2\/media\/899"}],"wp:attachment":[{"href":"https:\/\/informazione365.net\/index.php\/wp-json\/wp\/v2\/media?parent=898"}],"wp:term":[{"taxonomy":"category","embeddable":true,"href":"https:\/\/informazione365.net\/index.php\/wp-json\/wp\/v2\/categories?post=898"},{"taxonomy":"post_tag","embeddable":true,"href":"https:\/\/informazione365.net\/index.php\/wp-json\/wp\/v2\/tags?post=898"}],"curies":[{"name":"wp","href":"https:\/\/api.w.org\/{rel}","templated":true}]}}