{"id":827,"date":"2018-04-26T15:06:45","date_gmt":"2018-04-26T15:06:45","guid":{"rendered":"https:\/\/www.informazione365.net\/?p=145"},"modified":"2018-04-26T15:06:45","modified_gmt":"2018-04-26T15:06:45","slug":"venerdi-27-aprile-2018-in-memoria-di-alessandro-guidoni","status":"publish","type":"post","link":"https:\/\/informazione365.net\/index.php\/2018\/04\/26\/venerdi-27-aprile-2018-in-memoria-di-alessandro-guidoni\/","title":{"rendered":"Venerd\u00ec 27 aprile 2018  in memoria di Alessandro Guidoni"},"content":{"rendered":"<p>Forza Italia Giovani Guidonia chiama a raccolta i guidoniani per venerd\u00ec 27 aprile, quando saranno 90 gli anni trascorsi dalla tragica scomparsa di Alessandro Guidoni. L&#8217;appuntamento \u00e8 per le 18 e 30 al Monumento Guidoni, davanti alla Chiesa Sacro Cuore di Ges\u00f9, a Guidonia, dove verr\u00e0 deposta una corona d&#8217;alloro.<\/p>\n<p>Da quel giorno, il 27 aprile del 1928, \u00e8 iniziata la nostra grande storia. Nel 1937 la nostra citt\u00e0 venne intitolata proprio al generale della Regia Aeronautica, venuto a mancare nell&#8217;intento di sperimentare un nuovo tipo di paracadute. Come riconoscimento per l&#8217;eccezionale dedizione dimostrata sempre nell&#8217;esercizio delle sue funzioni, venne insignito della prima Medaglia d&#8217;Oro al Valore Aeronautico alla memoria della storia: \u201cPioniere dell&#8217;aria, tecnico insuperabile, superbo esempio di fede, di energia e di valore, trovava la morte gloriosa prodigandosi oltre il dovere\u201d.<\/p>\n<p>E&#8217; compito di Forza Italia Giovani Guidonia quello di ricordare la storia della Citt\u00e0 dell&#8217;Aria, con la speranza di ritornare presto ai fasti di un tempo, quando l&#8217;Aeroporto \u201cBarbieri\u201d era un&#8217;eccellenza di tutta Italia nello sviluppo del volo (con la galleria del vento, la galleria idrodinamica, le tecniche ai fini aeronautici) e tutti noi potevamo contare sul valore di uomini come Alessandro Guidoni. Prevista anche la presenza del consigliere regionale del Lazio Laura Cartaginese.<\/p>\n","protected":false},"excerpt":{"rendered":"<p>Forza Italia Giovani Guidonia chiama a raccolta i guidoniani per venerd\u00ec 27 aprile, quando saranno 90 gli anni trascorsi dalla tragica scomparsa di Alessandro Guidoni. L&#8217;appuntamento \u00e8 per le 18 e 30 al Monumento Guidoni, davanti alla Chiesa Sacro Cuore di Ges\u00f9, a Guidonia, dove verr\u00e0 deposta una corona d&#8217;alloro. Da quel giorno, il 27 &hellip;<\/p>\n","protected":false},"author":1,"featured_media":0,"comment_status":"open","ping_status":"open","sticky":false,"template":"","format":"standard","meta":{"footnotes":""},"categories":[5],"tags":[],"class_list":["post-827","post","type-post","status-publish","format-standard","hentry","category-politica"],"_links":{"self":[{"href":"https:\/\/informazione365.net\/index.php\/wp-json\/wp\/v2\/posts\/827","targetHints":{"allow":["GET"]}}],"collection":[{"href":"https:\/\/informazione365.net\/index.php\/wp-json\/wp\/v2\/posts"}],"about":[{"href":"https:\/\/informazione365.net\/index.php\/wp-json\/wp\/v2\/types\/post"}],"author":[{"embeddable":true,"href":"https:\/\/informazione365.net\/index.php\/wp-json\/wp\/v2\/users\/1"}],"replies":[{"embeddable":true,"href":"https:\/\/informazione365.net\/index.php\/wp-json\/wp\/v2\/comments?post=827"}],"version-history":[{"count":0,"href":"https:\/\/informazione365.net\/index.php\/wp-json\/wp\/v2\/posts\/827\/revisions"}],"wp:attachment":[{"href":"https:\/\/informazione365.net\/index.php\/wp-json\/wp\/v2\/media?parent=827"}],"wp:term":[{"taxonomy":"category","embeddable":true,"href":"https:\/\/informazione365.net\/index.php\/wp-json\/wp\/v2\/categories?post=827"},{"taxonomy":"post_tag","embeddable":true,"href":"https:\/\/informazione365.net\/index.php\/wp-json\/wp\/v2\/tags?post=827"}],"curies":[{"name":"wp","href":"https:\/\/api.w.org\/{rel}","templated":true}]}}