{"id":823,"date":"2018-02-21T22:07:25","date_gmt":"2018-02-21T22:07:25","guid":{"rendered":"https:\/\/www.informazione365.net\/?p=97"},"modified":"2018-02-21T22:07:25","modified_gmt":"2018-02-21T22:07:25","slug":"polo-civico-guidonia-commenti-inqualificabili","status":"publish","type":"post","link":"https:\/\/informazione365.net\/index.php\/2018\/02\/21\/polo-civico-guidonia-commenti-inqualificabili\/","title":{"rendered":"Polo Civico: &#8220;Commenti inqualificabili dell&#8217;ass. Guida&#8221;"},"content":{"rendered":"<p>\u201cI commenti dell\u2019assessora Tiziana Guida sulla nostra Citt\u00e0 sono inqualificabili \u2013 spiegano i consiglieri del Polo Civico, Mario Valeri, Mauro De Santis, Mario Proietti \u2013. Non ci interessa se siano state rilasciate in una trasmissione satirica. Mentre noi avevamo appena terminato un\u2019accesa campagna elettorale, peraltro svoltasi in un momento difficile e drammatico per la nostra Guidonia Montecelio, la Guida offendeva la Citt\u00e0 che oggi dovrebbe servire\u201d.<\/p>\n<p>\u201cRiteniamo, inoltre, totalmente infondato il ricorso alla privacy e le accuse che l\u2019Assessora ha riportato sul suo profilo Facebook \u2013 proseguono i consiglieri del Polo Civico \u2013. Nessuno ha violato la sua privacy o \u00e8 andato a scavare nel suo passato alla ricerca di liti o episodi sgradevoli. L\u2019offesa a Guidonia Montecelio \u00e8 stata pronunciata nel corso di una trasmissione radiofonica e come tale \u00e8 pubblica, quindi ancor pi\u00f9 grave\u201d.<\/p>\n<p>\u201cNoi \u2013 concludono Mario Valeri, Mauro De Santis, Mario Proietti \u2013 non l\u2019avremmo mai nominata assessora della terza Citt\u00e0 del Lazio. Pretendiamo le sue scuse pubbliche. Deve scusarsi con tutta la Citt\u00e0, con tutti quei cittadini che ogni giorno si battono per migliorare il luogo dove vivono e dove vorrebbero veder crescere i propri figli. Quei cittadini che pur sapendo che Guidonia Montecelio ha delle carenze non si sognerebbero mai di dire che \u00e8 una Citt\u00e0 di merda ai microfoni di una radio. Ci aspettiamo, poi, che faccia un passo indietro e, se cos\u00ec non fosse, che intervenga il Sindaco Michel Barbet e la sua maggioranza, decidendo cos\u00ec se prendere una posizione netta o\u00a0minimizzare ipocritamente questa vicenda\u201d.<\/p>\n","protected":false},"excerpt":{"rendered":"<p>\u201cI commenti dell\u2019assessora Tiziana Guida sulla nostra Citt\u00e0 sono inqualificabili \u2013 spiegano i consiglieri del Polo Civico, Mario Valeri, Mauro De Santis, Mario Proietti \u2013. Non ci interessa se siano state rilasciate in una trasmissione satirica. Mentre noi avevamo appena terminato un\u2019accesa campagna elettorale, peraltro svoltasi in un momento difficile e drammatico per la nostra &hellip;<\/p>\n","protected":false},"author":1,"featured_media":0,"comment_status":"open","ping_status":"open","sticky":false,"template":"","format":"standard","meta":{"footnotes":""},"categories":[5],"tags":[],"class_list":["post-823","post","type-post","status-publish","format-standard","hentry","category-politica"],"_links":{"self":[{"href":"https:\/\/informazione365.net\/index.php\/wp-json\/wp\/v2\/posts\/823","targetHints":{"allow":["GET"]}}],"collection":[{"href":"https:\/\/informazione365.net\/index.php\/wp-json\/wp\/v2\/posts"}],"about":[{"href":"https:\/\/informazione365.net\/index.php\/wp-json\/wp\/v2\/types\/post"}],"author":[{"embeddable":true,"href":"https:\/\/informazione365.net\/index.php\/wp-json\/wp\/v2\/users\/1"}],"replies":[{"embeddable":true,"href":"https:\/\/informazione365.net\/index.php\/wp-json\/wp\/v2\/comments?post=823"}],"version-history":[{"count":0,"href":"https:\/\/informazione365.net\/index.php\/wp-json\/wp\/v2\/posts\/823\/revisions"}],"wp:attachment":[{"href":"https:\/\/informazione365.net\/index.php\/wp-json\/wp\/v2\/media?parent=823"}],"wp:term":[{"taxonomy":"category","embeddable":true,"href":"https:\/\/informazione365.net\/index.php\/wp-json\/wp\/v2\/categories?post=823"},{"taxonomy":"post_tag","embeddable":true,"href":"https:\/\/informazione365.net\/index.php\/wp-json\/wp\/v2\/tags?post=823"}],"curies":[{"name":"wp","href":"https:\/\/api.w.org\/{rel}","templated":true}]}}