{"id":814,"date":"2018-02-19T14:37:40","date_gmt":"2018-02-19T14:37:40","guid":{"rendered":"https:\/\/www.informazione365.net\/?p=13"},"modified":"2018-02-19T14:37:40","modified_gmt":"2018-02-19T14:37:40","slug":"sciopero-del-personale-al-santandrea","status":"publish","type":"post","link":"https:\/\/informazione365.net\/index.php\/2018\/02\/19\/sciopero-del-personale-al-santandrea\/","title":{"rendered":"Sciopero del personale al Sant&#8217;Andrea"},"content":{"rendered":"<p>Ospedali senza sanificazione per colpa del ribasso dell&#8217;appalto<\/p>\n<p>L&#8217;ospedale Sant&#8217;Andrea di Roma assister\u00e0 ad uno sciopero massiccio del personale addetto alla pulizia e sanificazione il prossimo luned\u00ec 29 gennaio 2018 gi\u00e0 a partire dalle ore 6.00 del mattino. Come se non bastasse il Nas, Nucleo Anti Sofisticazioni, qualche giorno fa ha effettuato una ispezione, ma non si conoscono ancora i risultati, anche se l&#8217;ospedale stesso ha subito de<span class=\"text_exposed_show\">lle sanzioni per non conformit\u00e0. Le ragioni dello sciopero sono spiegate da Anna De Marco, segretaria della Filcams Cgil: &#8220;Tutto nasce da una gara d&#8217;appalto dello scorso 16 giugno 2017, con numero di ore pi\u00f9 basso del 35% rispetto al precedente accordo. L&#8217;azienda, non curante del danno inerente pulizia e sanificazione delle corsie, dei bagni e delle sale operatorie, decide cos\u00ec di supplire alla carenza di personale con i macchinari, anche se poi gli straordinari cui sono costrette le operatrici per far fronte al servizio sono praticamente pari al taglio delle ore effettuato&#8221;. &#8220;Ne nasce una concreta preoccupazione sulla salute dei cittadini &#8211; continua De Marco &#8211; visto che le sale operatorie rischiano di non essere sterili o sanificate. La soluzione e&#8217; comunque a portata di mano: Il taglio ammonta ad un totale di 3 milioni di euro. Ma per assicurare un servizio accettabile, basterebbe un aumento di ore per 350.000 \u20ac. Siamo determinati a far sentire la voce del nostro dissenso, conclude la segretaria Filcams Cgil. Faremo un sit in a fine febbraio 2018&#8221;; a ridosso delle elezioni.<\/span><\/p>\n","protected":false},"excerpt":{"rendered":"<p>Ospedali senza sanificazione per colpa del ribasso dell&#8217;appalto L&#8217;ospedale Sant&#8217;Andrea di Roma assister\u00e0 ad uno sciopero massiccio del personale addetto alla pulizia e sanificazione il prossimo luned\u00ec 29 gennaio 2018 gi\u00e0 a partire dalle ore 6.00 del mattino. Come se non bastasse il Nas, Nucleo Anti Sofisticazioni, qualche giorno fa ha effettuato una ispezione, ma &hellip;<\/p>\n","protected":false},"author":1,"featured_media":14,"comment_status":"open","ping_status":"open","sticky":false,"template":"","format":"standard","meta":{"footnotes":""},"categories":[2],"tags":[],"class_list":["post-814","post","type-post","status-publish","format-standard","has-post-thumbnail","hentry","category-cronaca"],"_links":{"self":[{"href":"https:\/\/informazione365.net\/index.php\/wp-json\/wp\/v2\/posts\/814","targetHints":{"allow":["GET"]}}],"collection":[{"href":"https:\/\/informazione365.net\/index.php\/wp-json\/wp\/v2\/posts"}],"about":[{"href":"https:\/\/informazione365.net\/index.php\/wp-json\/wp\/v2\/types\/post"}],"author":[{"embeddable":true,"href":"https:\/\/informazione365.net\/index.php\/wp-json\/wp\/v2\/users\/1"}],"replies":[{"embeddable":true,"href":"https:\/\/informazione365.net\/index.php\/wp-json\/wp\/v2\/comments?post=814"}],"version-history":[{"count":0,"href":"https:\/\/informazione365.net\/index.php\/wp-json\/wp\/v2\/posts\/814\/revisions"}],"wp:featuredmedia":[{"embeddable":true,"href":"https:\/\/informazione365.net\/index.php\/wp-json\/wp\/v2\/media\/14"}],"wp:attachment":[{"href":"https:\/\/informazione365.net\/index.php\/wp-json\/wp\/v2\/media?parent=814"}],"wp:term":[{"taxonomy":"category","embeddable":true,"href":"https:\/\/informazione365.net\/index.php\/wp-json\/wp\/v2\/categories?post=814"},{"taxonomy":"post_tag","embeddable":true,"href":"https:\/\/informazione365.net\/index.php\/wp-json\/wp\/v2\/tags?post=814"}],"curies":[{"name":"wp","href":"https:\/\/api.w.org\/{rel}","templated":true}]}}