{"id":6193,"date":"2026-09-02T12:38:19","date_gmt":"2026-09-02T12:38:19","guid":{"rendered":"https:\/\/informazione365.net\/?p=6193"},"modified":"2026-09-02T12:38:19","modified_gmt":"2026-09-02T12:38:19","slug":"venezia83-claudia-conte-da-il-via-alla-mostra-del-cinema-di-conegliano-colline-del-prosecco","status":"publish","type":"post","link":"https:\/\/informazione365.net\/index.php\/2026\/09\/02\/venezia83-claudia-conte-da-il-via-alla-mostra-del-cinema-di-conegliano-colline-del-prosecco\/","title":{"rendered":"VENEZIA83 &#8211; CLAUDIA CONTE DA IL VIA ALLA MOSTRA DEL CINEMA DI CONEGLIANO \u2013 COLLINE DEL PROSECCO"},"content":{"rendered":"\n<p class=\"wp-block-paragraph\">Il nuovo progetto cinematografico, diretto artisticamente da Claudia Conte e Maximilian Law, sar\u00e0 presentato il 5 settembre al Lido di Venezia, nello spazio della Regione del Veneto e della Veneto Film Commission. Presidente Onorario Giorgio Pasotti.<br>Nasce la Mostra del Cinema di Conegliano \u2013 Colline del Prosecco, un nuovo progetto cinematografico che mette in dialogo cinema, cultura, talento e territorio nel cuore di uno dei paesaggi pi\u00f9 riconoscibili e preziosi d&#8217;Italia: le Colline del Prosecco di Conegliano e Valdobbiadene, Patrimonio Mondiale UNESCO.<br>I Direttori Artistici della Mostra sono il manager culturale Maximilian Law e la giornalista e conduttrice Claudia Conte che, in sinergia con Valentina Vendrame \u2013 Direttrice Operativa della kermesse \u2013 hanno dato vita al progetto con l&#8217;obiettivo di costruire un appuntamento capace di unire il linguaggio universale del cinema alla straordinaria identit\u00e0 culturale e paesaggistica del territorio.<br>La Mostra del Cinema di Conegliano nasce cos\u00ec con l&#8217;ambizione di valorizzare il patrimonio delle Colline del Prosecco attraverso il racconto cinematografico e di creare un nuovo luogo di incontro tra artisti, autori, interpreti, professionisti dell&#8217;audiovisivo e pubblico.<br><br>Presidente Onorario della Mostra sar\u00e0 Giorgio Pasotti, attore e regista tra i pi\u00f9 apprezzati del panorama italiano, con una carriera che si estende da tre decenni e che lo ha visto lavorare al fianco di registi del calibro di Paolo Sorrentino e Gabriele Muccino.<br>La sua presenza accompagner\u00e0 il percorso della nuova manifestazione, contribuendo a rafforzarne il legame con il mondo del cinema e con i suoi protagonisti.<br><br>Il progetto verr\u00e0 presentato in anteprima nazionale sabato 5 settembre 2026, alle ore 19.00, presso l&#8217;Hotel Excelsior del Lido di Venezia, nello spazio della Regione del Veneto \/ Veneto Film Commission, in occasione dell&#8217;83\u00aa Mostra Internazionale d&#8217;Arte Cinematografica.<br>Un debutto in uno dei contesti pi\u00f9 prestigiosi del cinema internazionale, che segna ufficialmente l&#8217;avvio del percorso della nuova manifestazione.<br>A portare i saluti della Regione del Veneto sar\u00e0 l&#8217;Assessore alla Cultura, Istruzione e Pari Opportunit\u00e0 Valeria Mantovan.<br>Interverranno inoltre l&#8217;On. Federico Mollicone, Presidente della Commissione Cultura della Camera dei Deputati e il Sindaco di Conegliano, Fabio Chies, a testimonianza del forte legame tra la nuova manifestazione, le istituzioni e il territorio che la ospiter\u00e0.<br><br>IL PREMIO ALL&#8217;ECCELLENZA DEL MADE IN ITALY<br><br>Nel corso della conferenza stampa di presentazione della Mostra, presentata da Claudia Conte, sar\u00e0 conferito il Premio Eccellenza del Made in Italy a Fabia Maserati, in riconoscimento di una storia familiare e imprenditoriale che ha contribuito a costruire uno dei simboli pi\u00f9 celebri dell&#8217;ingegno, del talento e dell&#8217;eccellenza italiana nel mondo.<br>Il riconoscimento assume un significato ancora pi\u00f9 particolare in un momento di grande attenzione internazionale verso la storia della famiglia Maserati. In uscita prossimamente nelle sale ci sar\u00e0 \u201cMaserati: The Brothers\u201d, il grande film internazionale dedicato alla straordinaria vicenda dei fratelli Maserati, diretto da Bobby Moresco e prodotto da Andrea Iervolino.<br>Un progetto cinematografico di grande rilievo internazionale che racconta la nascita di un marchio diventato nel tempo simbolo di ingegno, innovazione e Made in Italy nel mondo.<br>Cinema, memoria, impresa e Made in Italy si incontrano cos\u00ec in un momento speciale che interpreta pienamente la visione della nuova Mostra di Conegliano: raccontare, attraverso il linguaggio universale del cinema, grandi storie, talenti ed eccellenze capaci di rendere l&#8217;Italia riconoscibile nel mondo.<br><br>LE COLLABORAZIONI<br><br>La manifestazione \u00e8 patrocinata dal Comune di Conegliano e vede nella Associazione Culturale Artiglio il proprio partner operativo e nella prestigiosa I.C.E. Agency il proprio partner di consulenza strategica.<br>A raccontare e accompagnare la nuova Mostra del Cinema saranno, in qualit\u00e0 di media partner, i due portali del Think Tank Eurocomunicazione, realt\u00e0 che opera in stretto contatto con le istituzioni europee e che gode del patrocinio dell&#8217;Ufficio del Parlamento europeo in Italia e della Rappresentanza in Italia della Commissione europea.<br>Ca\u2019 Del Poggio, celebre resort adagiato sulle colline del Prosecco e teatro di una delle tappe pi\u00f9 belle del Giro d\u2019Italia, sar\u00e0 l\u2019hospitality partner.<br>Cinema e territorio saranno dunque al centro di un percorso comune, nel quale l&#8217;identit\u00e0 delle Colline del Prosecco diventer\u00e0 parte integrante del racconto della Mostra.<br><br>FEDERCINEMA E LE NAZIONI UNITE<br><br>Nel corso della presentazione veneziana verr\u00e0 inoltre proposta al pubblico una prima anteprima ufficiale di FederCinema, il nuovo network di festival di cui la Mostra del Cinema di Conegliano entra a far parte. Un progetto di rete \u2013 guidato sempre da Maximilian Law e Claudia Conte \u2013 che punta a creare occasioni di dialogo, collaborazione e valorizzazione tra realt\u00e0 cinematografiche e culturali nazionali e internazionali.<br>Un ulteriore prestigio del network \u00e8 avvalorato proprio dall\u2019ingresso recente al Global Marketplace delle Nazioni Unite (UNGM) di Maximillian Law in qualit\u00e0 di Consulente strategico, nell\u2019ambito di attivit\u00e0 di promozione culturale sui Diritti Umani coordinate per l\u2019Italia da Martina Manfredini in rappresentanza, anche, di United Planet Foundation, NGO accreditata all\u2019Economic Social Council, Organo Amministrativo sempre in ambito Nazioni Unite.<br><br><br>IL PROGRAMMA<br><br>La Mostra del Cinema di Conegliano \u2013 Colline del Prosecco si articoler\u00e0 nell&#8217;arco di tre giorni \u2013 dal 2 al 4 ottobre 2026 \u2013 e proporr\u00e0 un programma dedicato al cinema e alla valorizzazione del territorio.<br><br>Sono previste:<br>\u2022 Anteprime cinematografiche e incontri con autori, registi e interpreti;<br>\u2022 Serate di gala aperte al pubblico e agli ospiti della manifestazione;<br>\u2022 Premiazioni dedicate a opere, talenti e progetti;<br>\u2022 Talk e incontri sui grandi temi del cinema, della produzione audiovisiva, del paesaggio e dell&#8217;identit\u00e0 culturale;<br>\u2022 Attivit\u00e0 e iniziative di promozione territoriale dedicate alle Colline del Prosecco di Conegliano e Valdobbiadene, Patrimonio Mondiale UNESCO dal 2019.<br>La Mostra del Cinema di Conegliano \u2013 Colline del Prosecco si propone cos\u00ec come un nuovo spazio di incontro e confronto, dove il cinema incontra un territorio che non sar\u00e0 soltanto la cornice della manifestazione, ma parte integrante della sua identit\u00e0 e del suo racconto.<br>Cinema, talento e territorio: tre elementi che diventano il punto di partenza di un nuovo progetto culturale e cinematografico, con l&#8217;ambizione di costruire nel tempo un appuntamento riconoscibile nel panorama nazionale.<br><\/p>\n","protected":false},"excerpt":{"rendered":"<p>Il nuovo progetto cinematografico, diretto artisticamente da Claudia Conte e Maximilian Law, sar\u00e0 presentato il 5 settembre al Lido di Venezia, nello spazio della Regione del Veneto e della Veneto Film Commission. Presidente Onorario Giorgio Pasotti.Nasce la Mostra del Cinema di Conegliano \u2013 Colline del Prosecco, un nuovo progetto cinematografico che mette in dialogo cinema, &hellip;<\/p>\n","protected":false},"author":1,"featured_media":6194,"comment_status":"closed","ping_status":"closed","sticky":false,"template":"","format":"standard","meta":{"footnotes":""},"categories":[1377,3,2,388,225],"tags":[933,2080,2784,1346,2785,2783,512],"class_list":["post-6193","post","type-post","status-publish","format-standard","has-post-thumbnail","hentry","category-ambiente","category-attualita","category-cronaca","category-curiosita","category-spettacolo-tv","tag-arte","tag-claudia-conte","tag-colline-del-prosecco","tag-eventi","tag-gastronomia","tag-mostra-del-cinema-conegliano","tag-spettacolo"],"_links":{"self":[{"href":"https:\/\/informazione365.net\/index.php\/wp-json\/wp\/v2\/posts\/6193","targetHints":{"allow":["GET"]}}],"collection":[{"href":"https:\/\/informazione365.net\/index.php\/wp-json\/wp\/v2\/posts"}],"about":[{"href":"https:\/\/informazione365.net\/index.php\/wp-json\/wp\/v2\/types\/post"}],"author":[{"embeddable":true,"href":"https:\/\/informazione365.net\/index.php\/wp-json\/wp\/v2\/users\/1"}],"replies":[{"embeddable":true,"href":"https:\/\/informazione365.net\/index.php\/wp-json\/wp\/v2\/comments?post=6193"}],"version-history":[{"count":1,"href":"https:\/\/informazione365.net\/index.php\/wp-json\/wp\/v2\/posts\/6193\/revisions"}],"predecessor-version":[{"id":6195,"href":"https:\/\/informazione365.net\/index.php\/wp-json\/wp\/v2\/posts\/6193\/revisions\/6195"}],"wp:featuredmedia":[{"embeddable":true,"href":"https:\/\/informazione365.net\/index.php\/wp-json\/wp\/v2\/media\/6194"}],"wp:attachment":[{"href":"https:\/\/informazione365.net\/index.php\/wp-json\/wp\/v2\/media?parent=6193"}],"wp:term":[{"taxonomy":"category","embeddable":true,"href":"https:\/\/informazione365.net\/index.php\/wp-json\/wp\/v2\/categories?post=6193"},{"taxonomy":"post_tag","embeddable":true,"href":"https:\/\/informazione365.net\/index.php\/wp-json\/wp\/v2\/tags?post=6193"}],"curies":[{"name":"wp","href":"https:\/\/api.w.org\/{rel}","templated":true}]}}