{"id":6172,"date":"2026-08-31T15:17:13","date_gmt":"2026-08-31T15:17:13","guid":{"rendered":"https:\/\/informazione365.net\/?p=6172"},"modified":"2026-08-31T15:17:14","modified_gmt":"2026-08-31T15:17:14","slug":"mageia-debutta-a-palazzo-esposizioni-roma-con-un-inedito-progetto-tra-arte-visiva-e-ricerca-sonora","status":"publish","type":"post","link":"https:\/\/informazione365.net\/index.php\/2026\/08\/31\/mageia-debutta-a-palazzo-esposizioni-roma-con-un-inedito-progetto-tra-arte-visiva-e-ricerca-sonora\/","title":{"rendered":"MAGE\u00cdA DEBUTTA A PALAZZO ESPOSIZIONI ROMA CON UN INEDITO PROGETTO TRA ARTE VISIVA E RICERCA SONORA"},"content":{"rendered":"\n<p class=\"wp-block-paragraph\"><strong>ART, MUSIC, TAKE OVER. Tre appuntamenti, dal 17 al 19 settembre 2026, per riscoprire uno dei luoghi simbolo della cultura italiana attraverso i linguaggi della contemporaneit\u00e0<\/strong><\/p>\n\n\n\n<p class=\"wp-block-paragraph\">Roma, 1\u00b0 settembre 2026 \u2013 Dal 17 al 19 settembre 2026 Palazzo Esposizioni Roma ospita l\u2019esordio del Festival MAGE\u00cdA, ideato prodotto e realizzato da Lux Entertainment, un nuovo format che mette in relazione arti visive, ricerca sonora e tecnologia in uno dei luoghi pi\u00f9 rappresentativi della scena culturale nazionale e internazionale della capitale. Per tre giornate, luce, immagini, materia e suono attraversano gli spazi, dando forma a una composizione in continuo mutamento. L\u2019intervento site-specific ne interpreta volumi e prospettive, mentre la musica accompagna il susseguirsi dei diversi momenti e costruisce una narrazione che evolve nel tempo. MAGE\u00cdA nasce dall\u2019incontro tra diverse espressioni del presente, riunite in una visione comune e in uno stesso sviluppo narrativo. La presenza delle persone introduce una componente relazionale, trasformando gli ambienti in luoghi da attraversare, vivere, condividere e scoprire. Roma \u00e8 il punto di partenza di questo racconto, con il suo patrimonio e le sue energie creative in dialogo con sensibilit\u00e0 e influenze provenienti da altri contesti culturali. Per l\u2019edizione inaugurale, gli spazi espositivi aprono eccezionalmente anche alla fruizione gratuita: dalle 10:00 alle 16:00 sar\u00e0 possibile accedere liberamente e scoprirne la dimensione visiva durante il giorno. Il nome del festival richiama la radice greca <em>maghe\u00eda<\/em>, legata alla meraviglia, alla trasformazione e al potere evocativo. Un principio che trova espressione nella capacit\u00e0 di avvicinare persone e generazioni intorno all\u2019esperienza artistica. Quiet Ensemble firma l\u2019Art Takeover, interpretando l\u2019iconica architettura dell\u2019edificio con una selezione e una rielaborazione di alcuni dei lavori pi\u00f9 significativi del repertorio dello studio. La ricerca di Quiet Ensemble intreccia luce, tecnologia e percezione. In questa occasione, opere e soluzioni espressive sviluppate dallo studio assumono una configurazione specifica, entrando in relazione con superfici, profondit\u00e0 e geometrie del complesso. Il percorso installativo accompagna i visitatori negli ambienti e si trasforma nel corso della giornata, fino a incontrare progressivamente la componente sonora e dare origine a un paesaggio audiovisivo dinamico, nel quale immagine e musica diventano parti di una stessa composizione. <\/p>\n\n\n\n<figure class=\"wp-block-image size-large\"><img loading=\"lazy\" decoding=\"async\" width=\"1024\" height=\"683\" src=\"http:\/\/informazione365.net\/wp-content\/uploads\/2026\/08\/mageia1-1024x683.jpg\" alt=\"\" class=\"wp-image-6174\" srcset=\"https:\/\/informazione365.net\/wp-content\/uploads\/2026\/08\/mageia1-1024x683.jpg 1024w, https:\/\/informazione365.net\/wp-content\/uploads\/2026\/08\/mageia1-300x200.jpg 300w, https:\/\/informazione365.net\/wp-content\/uploads\/2026\/08\/mageia1-768x512.jpg 768w, https:\/\/informazione365.net\/wp-content\/uploads\/2026\/08\/mageia1-1536x1024.jpg 1536w, https:\/\/informazione365.net\/wp-content\/uploads\/2026\/08\/mageia1-2048x1365.jpg 2048w\" sizes=\"auto, (max-width: 1024px) 100vw, 1024px\" \/><\/figure>\n\n\n\n<p class=\"wp-block-paragraph\"><strong>LA PROGRAMMAZIONE MUSICALE<\/strong> <\/p>\n\n\n\n<p class=\"wp-block-paragraph\">Al calare della sera, MAGE\u00cdA cambia ritmo. Il programma segue tre direzioni: parte dal fermento creativo della citt\u00e0, attraversa la club culture contemporanea e amplia infine il proprio orizzonte con una notte dedicata alla French Touch. Accanto alle line-up, spazio anche a una serie di guest a sorpresa. Gioved\u00ec 17 settembre, No Limits Party inaugura il festival affondando le radici nelle energie della Capitale. In consolle si alterneranno Gemitaiz, Sine, Gengis, Frenetik e Whtrtrsh, per una vera e propria celebrazione del panorama musicale locale. Venerd\u00ec 18 settembre l&#8217;evento riafferma la centralit\u00e0 del dancefloor come spazio di ricerca culturale. La line-up unisce la scena italiana e internazionale con il live di Elasi, il DJ set della coreana Shubostar e la presenza di un pilastro del clubbing nazionale: Alex Neri. Completano il programma importanti special guest in consolle, andando a comporre un mosaico trasversale dell\u2019elettronica contemporanea. Sabato 19 settembre, l\u2019edizione inaugurale si chiude con una notte interamente dedicata alla French Touch, con Breakbot &amp; Irfane tra i protagonisti, portando cos\u00ec, a Roma, un movimento che in Francia ha gi\u00e0 conquistato le grandi istituzioni culturali. Nel corso delle tre serate il suono assume un ruolo strutturale: orchestra il tempo, trasforma l\u2019atmosfera e dialoga con l\u2019Art Takeover, contribuendo a definire l\u2019identit\u00e0 di ciascun appuntamento. Il progetto \u00e8 ideato e prodotto da Lux Entertainment, realt\u00e0 internazionale attiva nella produzione di eventi culturali. Presente su tre continenti, dal 2021 la societ\u00e0 ha accolto oltre 20 milioni di visitatori e ottenuto 22 Best Event Awards. Il debutto romano apre un percorso destinato ad altri luoghi iconici delle capitali culturali nazionali e internazionali: un format riconoscibile che, a ogni tappa, entra in relazione con una nuova storia, ne assorbe il carattere e ne fa emergere possibilit\u00e0 inattese.<\/p>\n\n\n\n<p class=\"wp-block-paragraph\"><strong>Informazioni<\/strong> Date: 17, 18 e 19 settembre 2026 <\/p>\n\n\n\n<p class=\"wp-block-paragraph\">Apertura gratuita: dalle 10:00 alle 16:00 <\/p>\n\n\n\n<p class=\"wp-block-paragraph\">Programmazione serale: dalle 18:00 alle 02:00 <\/p>\n\n\n\n<p class=\"wp-block-paragraph\">Luogo: Palazzo Esposizioni Roma, Via Nazionale, 194, 00184 Roma RM <\/p>\n\n\n\n<p class=\"wp-block-paragraph\">Sito: <a href=\"https:\/\/eur04.safelinks.protection.outlook.com\/?url=https%3A%2F%2Fus.list-manage.com%2FTkqpWQmgueU%3Fe%3D851fc0f536%26c2id%3D3ea924414359b551f5bcfc7fab91741e&amp;data=05%7C02%7Cfrancesca.cata%40mediaset.it%7C8a1d1c4991eb4fe6baca08df076d3cf5%7Ca017fb807c204b4bb885f3c41da02590%7C0%7C0%7C639237837918306093%7CUnknown%7CTWFpbGZsb3d8eyJFbXB0eU1hcGkiOnRydWUsIlYiOiIwLjAuMDAwMCIsIlAiOiJXaW4zMiIsIkFOIjoiTWFpbCIsIldUIjoyfQ%3D%3D%7C0%7C%7C%7C&amp;sdata=c75Bq767EDiGNwzS6EE%2BtQmEtkRrxjIGbie8jS4CAcU%3D&amp;reserved=0\" target=\"_blank\" rel=\"noreferrer noopener\">https:\/\/mageia.it<\/a><\/p>\n","protected":false},"excerpt":{"rendered":"<p>ART, MUSIC, TAKE OVER. Tre appuntamenti, dal 17 al 19 settembre 2026, per riscoprire uno dei luoghi simbolo della cultura italiana attraverso i linguaggi della contemporaneit\u00e0 Roma, 1\u00b0 settembre 2026 \u2013 Dal 17 al 19 settembre 2026 Palazzo Esposizioni Roma ospita l\u2019esordio del Festival MAGE\u00cdA, ideato prodotto e realizzato da Lux Entertainment, un nuovo format &hellip;<\/p>\n","protected":false},"author":1,"featured_media":6175,"comment_status":"closed","ping_status":"closed","sticky":false,"template":"","format":"standard","meta":{"footnotes":""},"categories":[1377,3,388,225],"tags":[933,1614,1346,2778,512],"class_list":["post-6172","post","type-post","status-publish","format-standard","has-post-thumbnail","hentry","category-ambiente","category-attualita","category-curiosita","category-spettacolo-tv","tag-arte","tag-estate","tag-eventi","tag-mageia","tag-spettacolo"],"_links":{"self":[{"href":"https:\/\/informazione365.net\/index.php\/wp-json\/wp\/v2\/posts\/6172","targetHints":{"allow":["GET"]}}],"collection":[{"href":"https:\/\/informazione365.net\/index.php\/wp-json\/wp\/v2\/posts"}],"about":[{"href":"https:\/\/informazione365.net\/index.php\/wp-json\/wp\/v2\/types\/post"}],"author":[{"embeddable":true,"href":"https:\/\/informazione365.net\/index.php\/wp-json\/wp\/v2\/users\/1"}],"replies":[{"embeddable":true,"href":"https:\/\/informazione365.net\/index.php\/wp-json\/wp\/v2\/comments?post=6172"}],"version-history":[{"count":1,"href":"https:\/\/informazione365.net\/index.php\/wp-json\/wp\/v2\/posts\/6172\/revisions"}],"predecessor-version":[{"id":6176,"href":"https:\/\/informazione365.net\/index.php\/wp-json\/wp\/v2\/posts\/6172\/revisions\/6176"}],"wp:featuredmedia":[{"embeddable":true,"href":"https:\/\/informazione365.net\/index.php\/wp-json\/wp\/v2\/media\/6175"}],"wp:attachment":[{"href":"https:\/\/informazione365.net\/index.php\/wp-json\/wp\/v2\/media?parent=6172"}],"wp:term":[{"taxonomy":"category","embeddable":true,"href":"https:\/\/informazione365.net\/index.php\/wp-json\/wp\/v2\/categories?post=6172"},{"taxonomy":"post_tag","embeddable":true,"href":"https:\/\/informazione365.net\/index.php\/wp-json\/wp\/v2\/tags?post=6172"}],"curies":[{"name":"wp","href":"https:\/\/api.w.org\/{rel}","templated":true}]}}