{"id":5580,"date":"2026-03-09T15:04:15","date_gmt":"2026-03-09T15:04:15","guid":{"rendered":"https:\/\/informazione365.net\/?p=5580"},"modified":"2026-03-09T15:04:15","modified_gmt":"2026-03-09T15:04:15","slug":"al-via-il-progetto-ariccia-cardioprotetta-presentazione-il-14-marzo-presso-palazzo-chigi","status":"publish","type":"post","link":"https:\/\/informazione365.net\/index.php\/2026\/03\/09\/al-via-il-progetto-ariccia-cardioprotetta-presentazione-il-14-marzo-presso-palazzo-chigi\/","title":{"rendered":"Al via il progetto \u201cAriccia Cardioprotetta\u201d: presentazione il 14 marzo presso Palazzo Chigi"},"content":{"rendered":"\n<p>Prende l\u2019avvio il progetto \u201cAriccia Cardioprotetta\u201d, un\u2019iniziativa innovativa dedicata alla promozione della salute cardiaca e alla sicurezza della comunit\u00e0. L\u2019evento di presentazione si terr\u00e0 il 14 marzo 2026, presso Palazzo Chigi, in Piazza di Corte, dalle ore 9:30 alle 13:00.<br>Il progetto sar\u00e0 presentato dal Dott. Alessandro Cavalieri, Dirigente Medico Cardiologo e Istruttore del Centro Formazione Emergenze dell\u2019AO San Camillo Forlanini di Roma. L\u2019iniziativa, ideata e promossa dal medico cardiologo, nasce dalla volont\u00e0 di diffondere nella comunit\u00e0 civile la cultura delle manovre di rianimazione cardiopolmonare (RCP) e dalla sensibilit\u00e0 del Sindaco di Ariccia, Gianluca Staccoli, per il benessere e la sicurezza della comunit\u00e0 ariccina.<br>\u00abLa prevenzione della morte improvvisa \u00e8 un obiettivo fondamentale. In caso di arresto cardiaco, agire tempestivamente e precocemente \u00e8 cruciale, aumentando significativamente la probabilit\u00e0 di sopravvivenza. Con questo progetto formiamo i cittadini ad intervenire rapidamente, salvando vite\u00bb \u2013 ha sottolineato il Dott. Alessandro Cavalieri.<br>In tal senso, il cardiologo, insieme ad altri istruttori del Centro Formazione Emergenze del San Camillo, ha provveduto alla formazione BLSD (Basic Life Support Defibrillation) dei primi quaranta cittadini di Ariccia, tra appartenenti alla Polizia Locale, dipendenti comunali e personale di Palazzo Chigi.<br>Inoltre, grazie al progetto, i cittadini di Ariccia avranno la possibilit\u00e0 di scaricare un\u2019applicazione sui propri smartphone attraverso la quale sar\u00e0 possibile individuare rapidamente, in caso di necessit\u00e0, il DAE (defibrillatore) pi\u00f9 vicino alla vittima di arresto cardiaco.<br>Il Comune di Ariccia ha sostenuto concretamente l\u2019iniziativa facendosi carico della fornitura e dell\u2019installazione dei defibrillatori (DAE) sul territorio comunale, nonch\u00e9 delle spese per la formazione del personale, contribuendo cos\u00ec alla realizzazione di una rete di cardioprotezione a servizio della comunit\u00e0.<br>\u00abAriccia Cardioprotetta segna un passo significativo verso una comunit\u00e0 pi\u00f9 sicura e consapevole. \u00c8 nostro dovere non solo fornire strumenti salvavita, come i defibrillatori, ma anche educare e formare i cittadini al loro utilizzo\u00bb \u2013 ha commentato il Sindaco Gianluca Staccoli.<br>All\u2019evento parteciperanno anche il Sen. Marco Silvestroni, l\u2019On. Andrea Volpi, Antonello Aurigemma, Presidente del Consiglio Regionale del Lazio, le Consigliere Regionali Micol Grasselli ed Edy Palazzi, e il Dott. Marco Mattei, Capo di Gabinetto del Ministro della Salute.<br>Saranno presenti inoltre il Dott. Giovanni Profico, Direttore Generale dell\u2019ASL Roma 6, e il Dott. Angelo Aliqu\u00f2, Direttore Generale dell\u2019AO San Camillo Forlanini di Roma, insieme ad altri professionisti della salute come il Prof. Domenico Gabrielli, il Prof. Francesco Fedele, il Dott. Sandro Petrolati, il Dott. Natale Di Balerdino e il Dott. Narciso Mostarda, che discuteranno temi cruciali legati alla prevenzione, alla formazione e al rafforzamento della rete dell\u2019emergenza.<br>Il progetto \u201cAriccia Cardioprotetta\u201d mira quindi a potenziare la rete dell\u2019emergenza della citt\u00e0, attraverso la diffusione dei defibrillatori e la formazione dei cittadini al loro utilizzo.<br>La cittadinanza \u00e8 invitata a partecipare.<\/p>\n","protected":false},"excerpt":{"rendered":"<p>Prende l\u2019avvio il progetto \u201cAriccia Cardioprotetta\u201d, un\u2019iniziativa innovativa dedicata alla promozione della salute cardiaca e alla sicurezza della comunit\u00e0. L\u2019evento di presentazione si terr\u00e0 il 14 marzo 2026, presso Palazzo Chigi, in Piazza di Corte, dalle ore 9:30 alle 13:00.Il progetto sar\u00e0 presentato dal Dott. Alessandro Cavalieri, Dirigente Medico Cardiologo e Istruttore del Centro Formazione &hellip;<\/p>\n","protected":false},"author":1,"featured_media":5581,"comment_status":"closed","ping_status":"closed","sticky":false,"template":"","format":"standard","meta":{"footnotes":""},"categories":[3,2,29],"tags":[2483,980,2482,2485,2484],"class_list":["post-5580","post","type-post","status-publish","format-standard","has-post-thumbnail","hentry","category-attualita","category-cronaca","category-sanita","tag-alessandro-cavalieri","tag-ariccia","tag-ariccia-cardioprotetta","tag-forlanini","tag-san-camillo"],"_links":{"self":[{"href":"https:\/\/informazione365.net\/index.php\/wp-json\/wp\/v2\/posts\/5580","targetHints":{"allow":["GET"]}}],"collection":[{"href":"https:\/\/informazione365.net\/index.php\/wp-json\/wp\/v2\/posts"}],"about":[{"href":"https:\/\/informazione365.net\/index.php\/wp-json\/wp\/v2\/types\/post"}],"author":[{"embeddable":true,"href":"https:\/\/informazione365.net\/index.php\/wp-json\/wp\/v2\/users\/1"}],"replies":[{"embeddable":true,"href":"https:\/\/informazione365.net\/index.php\/wp-json\/wp\/v2\/comments?post=5580"}],"version-history":[{"count":1,"href":"https:\/\/informazione365.net\/index.php\/wp-json\/wp\/v2\/posts\/5580\/revisions"}],"predecessor-version":[{"id":5582,"href":"https:\/\/informazione365.net\/index.php\/wp-json\/wp\/v2\/posts\/5580\/revisions\/5582"}],"wp:featuredmedia":[{"embeddable":true,"href":"https:\/\/informazione365.net\/index.php\/wp-json\/wp\/v2\/media\/5581"}],"wp:attachment":[{"href":"https:\/\/informazione365.net\/index.php\/wp-json\/wp\/v2\/media?parent=5580"}],"wp:term":[{"taxonomy":"category","embeddable":true,"href":"https:\/\/informazione365.net\/index.php\/wp-json\/wp\/v2\/categories?post=5580"},{"taxonomy":"post_tag","embeddable":true,"href":"https:\/\/informazione365.net\/index.php\/wp-json\/wp\/v2\/tags?post=5580"}],"curies":[{"name":"wp","href":"https:\/\/api.w.org\/{rel}","templated":true}]}}