{"id":5563,"date":"2026-03-05T19:58:14","date_gmt":"2026-03-05T19:58:14","guid":{"rendered":"https:\/\/informazione365.net\/?p=5563"},"modified":"2026-03-05T19:58:15","modified_gmt":"2026-03-05T19:58:15","slug":"il-vinile-dargento","status":"publish","type":"post","link":"https:\/\/informazione365.net\/index.php\/2026\/03\/05\/il-vinile-dargento\/","title":{"rendered":"IL VINILE D\u2019ARGENTO\u00a0 \u00a0\u00a0\u00a0\u00a0\u00a0\u00a0\u00a0\u00a0\u00a0\u00a0\u00a0\u00a0\u00a0\u00a0\u00a0\u00a0\u00a0\u00a0"},"content":{"rendered":"\n<p><strong><em>Il Festival Internazionale di Musica e Canto giunto alla IX Edizione<\/em><\/strong> <strong><em> \u00e8 ripartito da SANREMO<\/em><\/strong> <strong><em>con un Evento al GRAND HOTEL DES ANGLAIS\u00a0\u00a0\u00a0\u00a0\u00a0\u00a0\u00a0\u00a0\u00a0\u00a0\u00a0\u00a0\u00a0 \u00a0\u00a0\u00a0\u00a0\u00a0\u00a0\u00a0\u00a0\u00a0\u00a0\u00a0\u00a0\u00a0\u00a0\u00a0\u00a0\u00a0 <\/em>\u00a0<\/strong><\/p>\n\n\n\n<p>A <strong>SANREMO, <\/strong>presso la <strong>Sala Cavour del Grand Hotel Des Anglais <\/strong>si \u00e8 svolta l\u2019Inaugurazione della <strong>IX Edizione<\/strong> del <strong>Festival Internazionale \u201cIL VINILE D\u2019ARGENTO\u201d, <\/strong>ideato e prodotto dall\u2019<strong>ASSOCIAZIONE NASCHIRA, <\/strong>partner di Barrett International Group di Virginia Barrett<strong>.<\/strong><\/p>\n\n\n\n<p>Il Festival Edizione 2026 \u00e8 una<strong>\u201cProduzione realizzata nell\u2019ambito del progetto LAZIO sound, finanziato dalle Politiche Giovanili della Regione Lazio e dalla Presidenza del Consiglio dei Ministri\u201d <\/strong>e ha la prestigiosa<strong> Direzione Artistica <\/strong>del<strong> M\u00b0 Vince Tempera, <\/strong>Compositore e Direttore d\u2019Orchestra di chiara fama Internazionale,anche<strong> Presidente di Giuria e ospite d\u2019onore durante l\u2019Inaugurazione a Sanremo.<\/strong><\/p>\n\n\n\n<p>\u201cIl Vinile d\u2019Argento\u201d, nato nel 2014 da un\u2019idea di Virginia Barrett (Musicista, Attrice, Regista) con il ritorno del Vinile come strumento di incisione di brani musicali, fin dal suo esordio ha dato spazio alla valorizzazione di Musicisti e Cantautori dai 14 anni in su e a Band del Panorama Nazionale, coinvolgendo i Vincitori in gemellaggi Internazionali con altri Festival e in progetti musicali di ampio respiro.<\/p>\n\n\n\n<p>Nel 2026, IL VINILE D\u2019ARGENTO, oltre a scoprire nuovi talenti della Musica e del Canto, promuover\u00e0 il<strong> lancio di Cantautrici emergenti<\/strong>,<strong> per la valorizzazione della scrittura musicale al femminile.<\/strong><\/p>\n\n\n\n<p>Per il 2026 sono state individuate due Cantautrici residenti nel Lazio<strong>: Marina Muser e Jazz Torrice, giovani promesse del genere Pop Leggero. <\/strong>Le due Artiste si confronteranno con <strong>Cantautrici residenti in altre Regioni. <\/strong>A tale proposito \u00e8 stata individuata la<strong> Cantautrice Jazz, Sonia Lib, lombarda.<\/strong><\/p>\n\n\n\n<p>Le Artiste si esibiranno in vari contesti: <strong>Sonia Lib ha aperto \u201cIl Vinile d\u2019Argento\u201d a Sanremo durante, <\/strong>incantando i presenti con la sua voce Jazz Souldurante l\u2019Evento di Inaugurazione al quale ha partecipato anche uno dei Concorrenti iscritti e selezionati nella Prima Deadline, <strong>Pierluca Montessoro,<\/strong> Cantautore friulano che ha commosso il pubblico con una Ninna Nanna dolcissima.<\/p>\n\n\n\n<p>Le altre due protagoniste del Progetto al femminile del Festival,<strong> Jazz Torrice e Marina Muser, <\/strong>saranno insieme in un<strong> Concerto <\/strong>sul palco del<strong> Circolo Cittadino \u201cSante Palumbo\u201d di Latina il 27 Marzo.<\/strong><\/p>\n\n\n\n<p>Le tre Cantautrici parteciperanno a <strong>Stage formativi tenuti da Professionisti del settore<\/strong> e alla <strong>Finale del Festival, il 16 Giugno, sul palco del Salotto Tevere.<\/strong><\/p>\n\n\n\n<p>Durante la Finale, la Giuria presieduta dal M\u00b0 Vince Tempera, assegner\u00e0 particolari riconoscimenti: al cantante con migliori capacit\u00e0 interpretative, al brano pi\u00f9 emozionante, al miglior testo, al miglior arrangiamento, al miglior Videoclip, al miglior brano strumentale originale e un Premio della Critica.<\/p>\n\n\n\n<p><strong>Premio Speciale riservato alle tre Cantautrici, <\/strong>sar\u00e0 la registrazione nella<strong> Sala della Digilio Publishing del M\u00b0 Francesco Di Gilio, <\/strong>di un<strong> EP <\/strong>che sar\u00e0<strong> inciso su Vinile da Il VINILIFICIO di Cristian Adamo<\/strong> tra la fine di Marzo ed entro il 16 Giugno.<\/p>\n\n\n\n<figure class=\"wp-block-gallery has-nested-images columns-default is-cropped wp-block-gallery-1 is-layout-flex wp-block-gallery-is-layout-flex\">\n<figure class=\"wp-block-image size-large\"><img loading=\"lazy\" decoding=\"async\" width=\"768\" height=\"1024\" data-id=\"5564\" src=\"https:\/\/informazione365.net\/wp-content\/uploads\/2026\/03\/VINIL2-768x1024.jpg\" alt=\"\" class=\"wp-image-5564\" srcset=\"https:\/\/informazione365.net\/wp-content\/uploads\/2026\/03\/VINIL2-768x1023.jpg 768w, https:\/\/informazione365.net\/wp-content\/uploads\/2026\/03\/VINIL2-225x300.jpg 225w, https:\/\/informazione365.net\/wp-content\/uploads\/2026\/03\/VINIL2-1153x1536.jpg 1153w, https:\/\/informazione365.net\/wp-content\/uploads\/2026\/03\/VINIL2.jpg 1200w\" sizes=\"auto, (max-width: 768px) 100vw, 768px\" \/><\/figure>\n<\/figure>\n\n\n\n<p><strong>L\u2019EP su Vinile sar\u00e0 presentato a Roma durante la Cerimonia di Premiazione al Salotto Tevere in Giugno e a Venezia l\u201911 Settembre durante un Evento che si terr\u00e0 presso l\u2019NHC Grand Hotel Palazzo dei Dogi<\/strong>, nel quale si esibiranno le Cantautrici e i Vincitori del Festival.<\/p>\n\n\n\n<p><strong>Tutti i Concorrenti saranno selezionati online, previa candidatura ed iscrizione a partire da Febbraio 2026 e fino all\u2019ultima Deadline in Maggio 2026.<\/strong><strong><\/strong><\/p>\n\n\n\n<p>Per informazioni su Regolamento e modalit\u00e0 di Iscrizione rivolgersi alla Segreteria del Festival<\/p>\n\n\n\n<p>tramite<strong> email ilviniledargento@gmail.com <\/strong><strong><\/strong><\/p>\n\n\n\n<p>Ingresso al Pubblico a tutti gli Eventi libero e gratuito, fino ad esaurimento posti.<\/p>\n\n\n\n<p><strong>UFFICIO STAMPA : + 39 347 6209292&nbsp;&nbsp;&nbsp;&nbsp;&nbsp; ilviniledargento@gmail.com<\/strong><\/p>\n","protected":false},"excerpt":{"rendered":"<p>Il Festival Internazionale di Musica e Canto giunto alla IX Edizione \u00e8 ripartito da SANREMO con un Evento al GRAND HOTEL DES ANGLAIS\u00a0\u00a0\u00a0\u00a0\u00a0\u00a0\u00a0\u00a0\u00a0\u00a0\u00a0\u00a0\u00a0 \u00a0\u00a0\u00a0\u00a0\u00a0\u00a0\u00a0\u00a0\u00a0\u00a0\u00a0\u00a0\u00a0\u00a0\u00a0\u00a0\u00a0 \u00a0 A SANREMO, presso la Sala Cavour del Grand Hotel Des Anglais si \u00e8 svolta l\u2019Inaugurazione della IX Edizione del Festival Internazionale \u201cIL VINILE D\u2019ARGENTO\u201d, ideato e prodotto dall\u2019ASSOCIAZIONE NASCHIRA, partner &hellip;<\/p>\n","protected":false},"author":1,"featured_media":5565,"comment_status":"closed","ping_status":"closed","sticky":false,"template":"","format":"standard","meta":{"footnotes":""},"categories":[1377,3,388,225],"tags":[2476,399,789,512,2475],"class_list":["post-5563","post","type-post","status-publish","format-standard","has-post-thumbnail","hentry","category-ambiente","category-attualita","category-curiosita","category-spettacolo-tv","tag-grand-hotel-des-anglais","tag-musica","tag-sanremo","tag-spettacolo","tag-vinile-dargento"],"_links":{"self":[{"href":"https:\/\/informazione365.net\/index.php\/wp-json\/wp\/v2\/posts\/5563","targetHints":{"allow":["GET"]}}],"collection":[{"href":"https:\/\/informazione365.net\/index.php\/wp-json\/wp\/v2\/posts"}],"about":[{"href":"https:\/\/informazione365.net\/index.php\/wp-json\/wp\/v2\/types\/post"}],"author":[{"embeddable":true,"href":"https:\/\/informazione365.net\/index.php\/wp-json\/wp\/v2\/users\/1"}],"replies":[{"embeddable":true,"href":"https:\/\/informazione365.net\/index.php\/wp-json\/wp\/v2\/comments?post=5563"}],"version-history":[{"count":1,"href":"https:\/\/informazione365.net\/index.php\/wp-json\/wp\/v2\/posts\/5563\/revisions"}],"predecessor-version":[{"id":5566,"href":"https:\/\/informazione365.net\/index.php\/wp-json\/wp\/v2\/posts\/5563\/revisions\/5566"}],"wp:featuredmedia":[{"embeddable":true,"href":"https:\/\/informazione365.net\/index.php\/wp-json\/wp\/v2\/media\/5565"}],"wp:attachment":[{"href":"https:\/\/informazione365.net\/index.php\/wp-json\/wp\/v2\/media?parent=5563"}],"wp:term":[{"taxonomy":"category","embeddable":true,"href":"https:\/\/informazione365.net\/index.php\/wp-json\/wp\/v2\/categories?post=5563"},{"taxonomy":"post_tag","embeddable":true,"href":"https:\/\/informazione365.net\/index.php\/wp-json\/wp\/v2\/tags?post=5563"}],"curies":[{"name":"wp","href":"https:\/\/api.w.org\/{rel}","templated":true}]}}