{"id":5425,"date":"2026-01-27T08:01:27","date_gmt":"2026-01-27T08:01:27","guid":{"rendered":"https:\/\/informazione365.net\/?p=5425"},"modified":"2026-01-27T08:01:28","modified_gmt":"2026-01-27T08:01:28","slug":"da-36-700-utenti-online-alla-finale-al-rinnovati-stelle-in-corsa-chiude-con-de-devitiis-e-un-premio-doppio","status":"publish","type":"post","link":"https:\/\/informazione365.net\/index.php\/2026\/01\/27\/da-36-700-utenti-online-alla-finale-al-rinnovati-stelle-in-corsa-chiude-con-de-devitiis-e-un-premio-doppio\/","title":{"rendered":"Da 36.700 utenti online alla finale al Rinnovati: \u201cStelle in Corsa\u201d chiude con De Devitiis e un premio doppio"},"content":{"rendered":"\n<p>Mercoled\u00ec 28 gennaio alle 21 a Siena la finale del talent del Comune: numeri social da 270.000 visualizzazioni, voto pubblico e giuria al 50%, in palio 1.000 euro e l\u2019apertura della rassegna estiva, \u201cSboccia l\u2019Estate 2026\u201d ai Teatri di Siena.<br><br><br>\u201cStelle in Corsa\u201d arriva alla serata conclusiva dopo un percorso che ha unito palco e piattaforme digitali, raccogliendo un coinvolgimento che va oltre i confini cittadini. La finale \u00e8 in programma mercoled\u00ec 28 gennaio alle ore 21 al Teatro dei Rinnovati, per lo spettacolo conclusivo del talent show promosso dal Comune di Siena e dedicato ai giovani artisti del territorio provinciale.<br><br>A impreziosire la serata ci sar\u00e0 Nicol\u00f2 De Devitiis come special guest. De Devitiis \u00e8 un volto noto della tv, figura centrale del programma \u201cLe Iene\u201d di Italia 1 e presente in altre produzioni delle reti Mediaset, chiamato a partecipare come ospite d\u2019eccezione alla chiusura del progetto.<br><br>Nato a Roma nel 1990, De Devitiis \u00e8 autore, inviato e conduttore televisivo e radiofonico. Dopo aver conseguito una laurea in Economia e un master in Marketing e Comunicazione, ha iniziato come \u201cbike blogger\u201d, attirando l\u2019attenzione dei media grazie a contenuti innovativi e originali.<br><br>Entrato in televisione nel 2014, \u00e8 conosciuto soprattutto per il ruolo di inviato nel programma \u201cLe Iene\u201d su Italia 1, dove ha consolidato la sua presenza affrontando reportage e interviste con uno stile diretto e coinvolgente. Nel corso della carriera ha partecipato a numerosi programmi sia come conduttore sia come inviato, affiancando all\u2019attivit\u00e0 tv una presenza radiofonica di rilievo.<\/p>\n\n\n\n<figure class=\"wp-block-image size-large\"><img loading=\"lazy\" decoding=\"async\" width=\"1024\" height=\"512\" src=\"http:\/\/informazione365.net\/wp-content\/uploads\/2026\/01\/ien-2-1024x512.jpg\" alt=\"\" class=\"wp-image-5426\" srcset=\"https:\/\/informazione365.net\/wp-content\/uploads\/2026\/01\/ien-2-1024x512.jpg 1024w, https:\/\/informazione365.net\/wp-content\/uploads\/2026\/01\/ien-2-300x150.jpg 300w, https:\/\/informazione365.net\/wp-content\/uploads\/2026\/01\/ien-2-768x384.jpg 768w, https:\/\/informazione365.net\/wp-content\/uploads\/2026\/01\/ien-2.jpg 1100w\" sizes=\"auto, (max-width: 1024px) 100vw, 1024px\" \/><\/figure>\n\n\n\n<p>In radio ha lavorato come speaker per Radio 105, Radio2 e Radio Zeta. Il suo profilo professionale si distingue per l\u2019attenzione al racconto di temi culturali, sociali e musicali, interpretati con un approccio dinamico e orientato alle nuove generazioni.<br><br>La finale render\u00e0 il pubblico parte attiva del percorso: il voto espresso in sala contribuir\u00e0 in modo determinante alla proclamazione del vincitore, insieme a quello della giuria tecnica, con peso paritario del<br>50% ciascuno. La giuria tecnica \u00e8 composta da Fioretta Mari, Matilde Brandi e Vincenzo Bocciarelli.<br><br>Il cast finale nasce dai casting dello scorso ottobre e da una selezione che ha registrato un\u2019ampia partecipazione anche online. I dieci finalisti che si contenderanno la vittoria sono Ilaria Villani, Gloria Paccagnini, Elia Lunghini, il Trio Meschino, Matilde Berrettini, Viola Bambini, Simone Manganelli, Giulio Martorelli, Andrea Bellotti e Matilde Bocci.<br><br>Durante la serata saliranno sul palco anche Raul Bartalini Bigi, Simone Cristofori, Bruna Maria Giugno, Massimiliano Mattii, Sofia Verdiani e Jinsui Yang. Saranno protagonisti dello spettacolo ma non rientreranno nella votazione finale, mentre i giovani artisti stanno ultimando le prove in questi giorni sotto la direzione artistica e la regia di Vincenzo Bocciarelli.<br><br>Il progetto \u00e8 promosso dall\u2019assessorato alle politiche giovanili del Comune di Siena e ha fatto segnare risultati importanti nella fase online. Sulla piattaforma ufficiale si contano oltre 36.700 utenti attivi, 5.839 voti espressi e circa 270.000 visualizzazioni complessive sui canali social, numeri che testimoniano un interesse ampio e trasversale del pubblico senese e non solo.<br><br>A rendere ancora pi\u00f9 concreta la prospettiva per i partecipanti \u00e8 il premio finale, costruito su due livelli: un premio in denaro di<br>1.000 euro e un\u2019opportunit\u00e0 artistica, ovvero l\u2019apertura della rassegna \u201cSboccia l\u2019Estate 2026\u201d ai Teatri di Siena. La finale si presenta cos\u00ec come un evento capace di unire energia, talento e partecipazione, riportando il teatro al centro come spazio vivo di incontro e scoperta.<br><br>I biglietti per assistere allo spettacolo di mercoled\u00ec 28 gennaio e partecipare alla votazione finale sono acquistabili online sul sito stelleincorsa.comune.siena.it e presso la biglietteria del Teatro dei Rinnovati nel Cortile del Podest\u00e0, aperta tutti i giorni dalle ore<br>10 alle 17.<br><\/p>\n","protected":false},"excerpt":{"rendered":"<p>Mercoled\u00ec 28 gennaio alle 21 a Siena la finale del talent del Comune: numeri social da 270.000 visualizzazioni, voto pubblico e giuria al 50%, in palio 1.000 euro e l\u2019apertura della rassegna estiva, \u201cSboccia l\u2019Estate 2026\u201d ai Teatri di Siena.\u201cStelle in Corsa\u201d arriva alla serata conclusiva dopo un percorso che ha unito palco e piattaforme &hellip;<\/p>\n","protected":false},"author":1,"featured_media":5427,"comment_status":"closed","ping_status":"closed","sticky":false,"template":"","format":"standard","meta":{"footnotes":""},"categories":[3,811,225],"tags":[933,966,2435,2436,2434,2060,626],"class_list":["post-5425","post","type-post","status-publish","format-standard","has-post-thumbnail","hentry","category-attualita","category-scuola","category-spettacolo-tv","tag-arte","tag-cultura","tag-de-devitiis","tag-le-iene","tag-sboccia-lestate-2026","tag-siena","tag-teatro"],"_links":{"self":[{"href":"https:\/\/informazione365.net\/index.php\/wp-json\/wp\/v2\/posts\/5425","targetHints":{"allow":["GET"]}}],"collection":[{"href":"https:\/\/informazione365.net\/index.php\/wp-json\/wp\/v2\/posts"}],"about":[{"href":"https:\/\/informazione365.net\/index.php\/wp-json\/wp\/v2\/types\/post"}],"author":[{"embeddable":true,"href":"https:\/\/informazione365.net\/index.php\/wp-json\/wp\/v2\/users\/1"}],"replies":[{"embeddable":true,"href":"https:\/\/informazione365.net\/index.php\/wp-json\/wp\/v2\/comments?post=5425"}],"version-history":[{"count":1,"href":"https:\/\/informazione365.net\/index.php\/wp-json\/wp\/v2\/posts\/5425\/revisions"}],"predecessor-version":[{"id":5428,"href":"https:\/\/informazione365.net\/index.php\/wp-json\/wp\/v2\/posts\/5425\/revisions\/5428"}],"wp:featuredmedia":[{"embeddable":true,"href":"https:\/\/informazione365.net\/index.php\/wp-json\/wp\/v2\/media\/5427"}],"wp:attachment":[{"href":"https:\/\/informazione365.net\/index.php\/wp-json\/wp\/v2\/media?parent=5425"}],"wp:term":[{"taxonomy":"category","embeddable":true,"href":"https:\/\/informazione365.net\/index.php\/wp-json\/wp\/v2\/categories?post=5425"},{"taxonomy":"post_tag","embeddable":true,"href":"https:\/\/informazione365.net\/index.php\/wp-json\/wp\/v2\/tags?post=5425"}],"curies":[{"name":"wp","href":"https:\/\/api.w.org\/{rel}","templated":true}]}}