{"id":5411,"date":"2026-01-20T18:42:51","date_gmt":"2026-01-20T18:42:51","guid":{"rendered":"https:\/\/informazione365.net\/?p=5411"},"modified":"2026-01-20T18:42:52","modified_gmt":"2026-01-20T18:42:52","slug":"ecco-i-premiati-del-i-premio-stampa-deccellenza-giornalisti-2-0","status":"publish","type":"post","link":"https:\/\/informazione365.net\/index.php\/2026\/01\/20\/ecco-i-premiati-del-i-premio-stampa-deccellenza-giornalisti-2-0\/","title":{"rendered":"Ecco i premiati del \u00a0I\u00b0 premio stampa d\u2019eccellenza \u201cGiornalisti 2.0\u201d"},"content":{"rendered":"\n<p><br><em><strong>Qualit\u00e0, credibilit\u00e0 e innovazione al centro del giornalismo italiano<\/strong><\/em><\/p>\n\n\n\n<p>L\u2019Associazione di categoria&nbsp;<strong>Giornalisti 2.0<\/strong>&nbsp;annuncia ufficialmente i premiati della&nbsp;<strong>prima edizione del Premio Stampa d\u2019Eccellenza \u2013 Giornalisti 2.0<\/strong>, riconoscimento istituito per valorizzare il giornalismo di qualit\u00e0, il rigore professionale, la credibilit\u00e0 delle fonti e la capacit\u00e0 di innovare linguaggi e contenuti, mantenendo al centro il rispetto verso il pubblico e il ruolo sociale dell\u2019informazione.<\/p>\n\n\n\n<p>La cerimonia di premiazione si svolger\u00e0&nbsp;<strong>il 23 gennaio 2026 alle ore 11.00<\/strong>, nella prestigiosa cornice&nbsp;<strong>dell<\/strong><strong>\u2019Associazione<\/strong><strong>&nbsp;Stampa Estera<\/strong><strong>&nbsp;in Italia<\/strong>, presso&nbsp;<strong>Palazzo Grazioli a Roma<\/strong>. Il Premio nasce con l\u2019obiettivo di celebrare carriere, esperienze e testimonianze che hanno contribuito in modo significativo allo sviluppo e alla tutela del giornalismo italiano, riconoscendo l\u2019impegno quotidiano di professionisti che hanno saputo raccontare il Paese con competenza, passione e senso di responsabilit\u00e0.<\/p>\n\n\n\n<figure class=\"wp-block-image size-full\"><img loading=\"lazy\" decoding=\"async\" width=\"400\" height=\"400\" src=\"https:\/\/informazione365.net\/wp-content\/uploads\/2026\/01\/IMG_7340.jpg\" alt=\"\" class=\"wp-image-5412\" srcset=\"https:\/\/informazione365.net\/wp-content\/uploads\/2026\/01\/IMG_7340.jpg 400w, https:\/\/informazione365.net\/wp-content\/uploads\/2026\/01\/IMG_7340-300x300.jpg 300w, https:\/\/informazione365.net\/wp-content\/uploads\/2026\/01\/IMG_7340-150x150.jpg 150w\" sizes=\"auto, (max-width: 400px) 100vw, 400px\" \/><\/figure>\n\n\n\n<p>I premiati sono stati selezionati da una&nbsp;<strong>giuria qualificata<\/strong>, presieduta dallo storico autore e&nbsp;<strong>giornalista Rai Pino Nano<\/strong>&nbsp;e composta dall\u2019<strong>intero Direttivo dell\u2019Associazione Giornalisti 2.0<\/strong>, che ha operato secondo criteri di indipendenza, autorevolezza e attenzione al valore professionale e umano dei candidati, con particolare riguardo all\u2019impatto del loro lavoro nel panorama dell\u2019informazione italiana.<\/p>\n\n\n\n<p>Il&nbsp;<strong>Premio Stampa d\u2019Eccellenza \u2013 Giornalisti 2.0<\/strong>&nbsp;si articola in tre sezioni:&nbsp;<strong>Premio alla Carriera<\/strong>,&nbsp;<strong>Giornalismo al Femminile<\/strong>&nbsp;e&nbsp;<strong>Giornalismo alla Memoria<\/strong>.<\/p>\n\n\n\n<figure class=\"wp-block-image size-full\"><img loading=\"lazy\" decoding=\"async\" width=\"850\" height=\"567\" src=\"https:\/\/informazione365.net\/wp-content\/uploads\/2026\/01\/IMG_7339-1.webp\" alt=\"\" class=\"wp-image-5413\" srcset=\"https:\/\/informazione365.net\/wp-content\/uploads\/2026\/01\/IMG_7339-1.webp 850w, https:\/\/informazione365.net\/wp-content\/uploads\/2026\/01\/IMG_7339-1-300x200.webp 300w, https:\/\/informazione365.net\/wp-content\/uploads\/2026\/01\/IMG_7339-1-768x512.webp 768w\" sizes=\"auto, (max-width: 850px) 100vw, 850px\" \/><\/figure>\n\n\n\n<p>Per il&nbsp;<strong>Premio alla Carriera<\/strong>&nbsp;saranno insigniti:&nbsp;<strong>Mario Giobbe<\/strong>, gi\u00e0 Radio Rai Sport;&nbsp;<strong>Bruno Tucci<\/strong>, gi\u00e0&nbsp;<em>Corriere della Sera<\/em>;&nbsp;<strong>Piero Vigorelli<\/strong>, gi\u00e0 Rai e Mediaset;&nbsp;<strong>Rino Barillari<\/strong>, storico fotoreporter;&nbsp;<strong>Antonello Perillo<\/strong>, condirettore TGR Rai;&nbsp;<strong>Vincenzo Borgomeo<\/strong>,&nbsp;<em>La Stampa<\/em>&nbsp;Motori;&nbsp;<strong>Antonella Amendola<\/strong>, gi\u00e0 inviata di&nbsp;<em>Corriere della Sera<\/em>&nbsp;e&nbsp;<em>La Stampa<\/em>;&nbsp;<strong>Giorgio Pacifici<\/strong>, Tg2, per il giornalismo scientifico;&nbsp;<strong>Ezio Luzzi<\/strong>, gi\u00e0 Radio Rai Sport.<\/p>\n\n\n\n<p>Il&nbsp;<strong>Premio \u201cGiornalismo al Femminile\u201d<\/strong>&nbsp;sar\u00e0 assegnato a&nbsp;<strong>Eleonora Daniele<\/strong>&nbsp;(Rai 1 \u2013&nbsp;<em>Storie Italiane<\/em>),&nbsp;<strong>Benedetta Rinaldi<\/strong>&nbsp;(Rai 3 \u2013&nbsp;<em>Elisir<\/em>),&nbsp;<strong>Cristina Caruso<\/strong>&nbsp;(Rai Sport),&nbsp;<strong>Josephine Alessio<\/strong>&nbsp;(Rai News 24),&nbsp;<strong>Catia Acquesta<\/strong>&nbsp;(direttrice testate Roma Mobilit\u00e0),&nbsp;<strong>Daniela Molina<\/strong>&nbsp;(direttrice del portale&nbsp;<em>Donna in Affari<\/em>),&nbsp;<strong>Annalisa Buccheri<\/strong>&nbsp;(direttrice&nbsp;<em>Polizia Moderna<\/em>),&nbsp;<strong>Sara Verta<\/strong>&nbsp;(TGR Lazio, segretaria sindacato Unirai),&nbsp;<strong>Susanna Galeazzi<\/strong>&nbsp;(Tg5) e&nbsp;<strong>Adriana Pannitteri<\/strong>&nbsp;(Tg2 \u2013&nbsp;<em>Storie<\/em>), per il contributo professionale e umano offerto all\u2019informazione italiana.<\/p>\n\n\n\n<p>Il&nbsp;<strong>Premio \u201cGiornalismo alla Memoria\u201d<\/strong>&nbsp;render\u00e0 omaggio a&nbsp;<strong>Angiolino Lonardi<\/strong>,&nbsp;<strong>Mario Nanni<\/strong>,&nbsp;<strong>Mario Cappelli<\/strong>,&nbsp;<strong>Nicola Navazio<\/strong>,&nbsp;<strong>Simone Camilli<\/strong>&nbsp;e&nbsp;<strong>Alfonso Liguori<\/strong>, figure che hanno lasciato un segno profondo nel mondo dell\u2019informazione e nel racconto della realt\u00e0.<\/p>\n\n\n\n<p>\u00abCon il Premio Stampa d\u2019Eccellenza \u2013 Giornalisti 2.0 vogliamo riconoscere e valorizzare chi ha dedicato la propria vita alla difesa della qualit\u00e0 dell\u2019informazione\u00bb, dichiara&nbsp;<strong>Maurizio Pizzuto<\/strong>, Presidente dell\u2019Associazione Giornalisti 2.0. \u00abIn un tempo complesso, segnato da profonde trasformazioni tecnologiche e culturali, il giornalismo resta un presidio fondamentale di democrazia. Questo Premio nasce per ribadire l\u2019importanza dell\u2019etica professionale, della competenza e del coraggio di raccontare i fatti con onest\u00e0 e responsabilit\u00e0, dando voce a chi ha saputo e sa ancora oggi essere punto di riferimento per i cittadini\u00bb.<\/p>\n\n\n\n<p>Il&nbsp;<strong>Premio Stampa d\u2019Eccellenza \u2013 Giornalisti 2.0<\/strong>&nbsp;si candida cos\u00ec a diventare un appuntamento annuale di rilievo nel panorama nazionale, dedicato a celebrare il valore dell\u2019informazione italiana tra memoria, presente e futuro.<\/p>\n","protected":false},"excerpt":{"rendered":"<p>Qualit\u00e0, credibilit\u00e0 e innovazione al centro del giornalismo italiano L\u2019Associazione di categoria&nbsp;Giornalisti 2.0&nbsp;annuncia ufficialmente i premiati della&nbsp;prima edizione del Premio Stampa d\u2019Eccellenza \u2013 Giornalisti 2.0, riconoscimento istituito per valorizzare il giornalismo di qualit\u00e0, il rigore professionale, la credibilit\u00e0 delle fonti e la capacit\u00e0 di innovare linguaggi e contenuti, mantenendo al centro il rispetto verso il &hellip;<\/p>\n","protected":false},"author":1,"featured_media":3658,"comment_status":"closed","ping_status":"closed","sticky":false,"template":"","format":"standard","meta":{"footnotes":""},"categories":[3,388,28,8],"tags":[1327,2424,2425,2427,11,1509,887,1508,2426,1825,890,2031,1503,1202,2428],"class_list":["post-5411","post","type-post","status-publish","format-standard","has-post-thumbnail","hentry","category-attualita","category-curiosita","category-promo","category-senza-categoria","tag-associazione","tag-barillari","tag-daniele","tag-direttivo","tag-eccellenza","tag-g2-0","tag-giornalisti","tag-giornalisti2-0","tag-giuria","tag-mediaset","tag-ordine","tag-pino-nano","tag-premio","tag-rai","tag-stampa"],"_links":{"self":[{"href":"https:\/\/informazione365.net\/index.php\/wp-json\/wp\/v2\/posts\/5411","targetHints":{"allow":["GET"]}}],"collection":[{"href":"https:\/\/informazione365.net\/index.php\/wp-json\/wp\/v2\/posts"}],"about":[{"href":"https:\/\/informazione365.net\/index.php\/wp-json\/wp\/v2\/types\/post"}],"author":[{"embeddable":true,"href":"https:\/\/informazione365.net\/index.php\/wp-json\/wp\/v2\/users\/1"}],"replies":[{"embeddable":true,"href":"https:\/\/informazione365.net\/index.php\/wp-json\/wp\/v2\/comments?post=5411"}],"version-history":[{"count":1,"href":"https:\/\/informazione365.net\/index.php\/wp-json\/wp\/v2\/posts\/5411\/revisions"}],"predecessor-version":[{"id":5414,"href":"https:\/\/informazione365.net\/index.php\/wp-json\/wp\/v2\/posts\/5411\/revisions\/5414"}],"wp:featuredmedia":[{"embeddable":true,"href":"https:\/\/informazione365.net\/index.php\/wp-json\/wp\/v2\/media\/3658"}],"wp:attachment":[{"href":"https:\/\/informazione365.net\/index.php\/wp-json\/wp\/v2\/media?parent=5411"}],"wp:term":[{"taxonomy":"category","embeddable":true,"href":"https:\/\/informazione365.net\/index.php\/wp-json\/wp\/v2\/categories?post=5411"},{"taxonomy":"post_tag","embeddable":true,"href":"https:\/\/informazione365.net\/index.php\/wp-json\/wp\/v2\/tags?post=5411"}],"curies":[{"name":"wp","href":"https:\/\/api.w.org\/{rel}","templated":true}]}}