{"id":5394,"date":"2026-01-14T08:09:13","date_gmt":"2026-01-14T08:09:13","guid":{"rendered":"https:\/\/informazione365.net\/?p=5394"},"modified":"2026-01-14T08:09:14","modified_gmt":"2026-01-14T08:09:14","slug":"folgori-feoli-su-megatir-ue-testimonia-carenza-di-visione","status":"publish","type":"post","link":"https:\/\/informazione365.net\/index.php\/2026\/01\/14\/folgori-feoli-su-megatir-ue-testimonia-carenza-di-visione\/","title":{"rendered":"FOLGORI (FEOLI): SU MEGATIR UE TESTIMONIA CARENZA DI VISIONE"},"content":{"rendered":"\n<p>\u201cDall\u2019Europa arriva l\u2019ennesima dimostrazione della carenza di una visione su trasporti e infrastrutture. La decisione di facilitare la circolazione trans frontaliera ai megatir divide imprese di trasporto e imprese del cargo ferroviario e lascia perplessi i governi degli stati membri, a partire da quello italiano, che temono per le ripercussioni di una decisione simile per la sicurezza stradale e le reti infrastrutturali. L\u2019Europa che dichiara guerra ai motori termici e ai diesel poi vuole aumentare il trasporto su gomma per l\u2019evidente carenza di infrastrutture. Un paradosso che fa capire perch\u00e9 il Vecchio Continente stia vivendo una evidente crisi di competitivit\u00e0. Se da un lato il trasporto su gomma \u00e8 ineliminabile, dall\u2019altro lato \u00e8 necessario investire sullo sviluppo di porti, interporti, infrastrutture, per lasciare il trasporto su gomma ai mercati interni e all\u2019ultimo miglio, senza attuare politiche che penalizzino le aziende, come l\u2019assurda guerra ai motori diesel e ai propulsori termici senza una seria politica industriale che favorisca riconversione green e competitivit\u00e0 dell\u2019automotive europeo\u201d.<br>Lo dichiara Enrico Folgori, presidente di Feoli (Federazione Operatori della Logistica Integrata).<\/p>\n","protected":false},"excerpt":{"rendered":"<p>\u201cDall\u2019Europa arriva l\u2019ennesima dimostrazione della carenza di una visione su trasporti e infrastrutture. La decisione di facilitare la circolazione trans frontaliera ai megatir divide imprese di trasporto e imprese del cargo ferroviario e lascia perplessi i governi degli stati membri, a partire da quello italiano, che temono per le ripercussioni di una decisione simile per &hellip;<\/p>\n","protected":false},"author":1,"featured_media":4918,"comment_status":"closed","ping_status":"closed","sticky":false,"template":"","format":"standard","meta":{"footnotes":""},"categories":[3,388,750],"tags":[2410,711,924,926,2411,2408,2409,1438,1010],"class_list":["post-5394","post","type-post","status-publish","format-standard","has-post-thumbnail","hentry","category-attualita","category-curiosita","category-economia","tag-camion","tag-europa","tag-feoli","tag-folgori","tag-gomma","tag-megatir","tag-tir","tag-trasporti","tag-ue"],"_links":{"self":[{"href":"https:\/\/informazione365.net\/index.php\/wp-json\/wp\/v2\/posts\/5394","targetHints":{"allow":["GET"]}}],"collection":[{"href":"https:\/\/informazione365.net\/index.php\/wp-json\/wp\/v2\/posts"}],"about":[{"href":"https:\/\/informazione365.net\/index.php\/wp-json\/wp\/v2\/types\/post"}],"author":[{"embeddable":true,"href":"https:\/\/informazione365.net\/index.php\/wp-json\/wp\/v2\/users\/1"}],"replies":[{"embeddable":true,"href":"https:\/\/informazione365.net\/index.php\/wp-json\/wp\/v2\/comments?post=5394"}],"version-history":[{"count":1,"href":"https:\/\/informazione365.net\/index.php\/wp-json\/wp\/v2\/posts\/5394\/revisions"}],"predecessor-version":[{"id":5395,"href":"https:\/\/informazione365.net\/index.php\/wp-json\/wp\/v2\/posts\/5394\/revisions\/5395"}],"wp:featuredmedia":[{"embeddable":true,"href":"https:\/\/informazione365.net\/index.php\/wp-json\/wp\/v2\/media\/4918"}],"wp:attachment":[{"href":"https:\/\/informazione365.net\/index.php\/wp-json\/wp\/v2\/media?parent=5394"}],"wp:term":[{"taxonomy":"category","embeddable":true,"href":"https:\/\/informazione365.net\/index.php\/wp-json\/wp\/v2\/categories?post=5394"},{"taxonomy":"post_tag","embeddable":true,"href":"https:\/\/informazione365.net\/index.php\/wp-json\/wp\/v2\/tags?post=5394"}],"curies":[{"name":"wp","href":"https:\/\/api.w.org\/{rel}","templated":true}]}}