{"id":5244,"date":"2025-12-09T18:25:35","date_gmt":"2025-12-09T18:25:35","guid":{"rendered":"https:\/\/informazione365.net\/?p=5244"},"modified":"2025-12-09T18:25:36","modified_gmt":"2025-12-09T18:25:36","slug":"ariccia-370-festa-della-madonna-di-galloro","status":"publish","type":"post","link":"https:\/\/informazione365.net\/index.php\/2025\/12\/09\/ariccia-370-festa-della-madonna-di-galloro\/","title":{"rendered":"Ariccia. 370\u00b0 Festa della Madonna di Galloro"},"content":{"rendered":"\n<p><br>Ieri, luned\u00ec 8 dicembre 2025, si \u00e8 svolta la 370\u00b0 Festa della Madonna di Galloro, un evento che ha richiamato numerosi fedeli e visitatori, organizzato dalla Confraternita della Madonna di Galloro nella persona del Presidente Isa Fortini. La giornata \u00e8 iniziata in Piazza di Corte con l&#8217;arrivo dell&#8217;Amministrazione e della Banda Musicale A.M.A. &#8220;Citt\u00e0 di Ariccia&#8221;, seguita dallo spettacolo degli Storici Sbandieratori della citt\u00e0 di Conti.<br>Presenti i Cosiglieri Giuseppe Zangrilli e Irene Falcone, la Polizia di Stato di Albano, i Carabinieri di Ariccia e la Polizia Locale di Ariccia con il Gonfalone.<br><br>Il Corteo Confermativo del Voto fatto nel 1656 \u00e8 partito dalla Parrocchia S.S. Maria Assunta in Cielo, attraversando le vie di Galloro, per giungere al Santuario. Qui si \u00e8 tenuta la Solenne Celebrazione Eucaristica, officiata dal Parroco Don Kenneth Meneses.<br><br>Nel pomeriggio, il Corteo ha ripreso il suo cammino verso la Parrocchia S.S. Maria Assunta in Cielo, dove \u00e8 avvenuta la consegna della Madonnina al Confratello Donato Giannizzari.<br><br>La serata si \u00e8 conclusa con un concerto di brani religiosi e classici romani e napoletani, eseguito dal soprano Maria Cristina Filosofi e dal tenore Emmanuel Bussaglia, accompagnati al pianoforte dal Maestro Alberto Galletti. Infine, un emozionante spettacolo pirotecnico, a cura della Pirotecnica Gabriele Roberto di Cisterna di Latina, ha illuminato il cielo sopra Galloro, regalando momenti di pura magia a tutti i presenti.<br>Agli eventi hanno partecipato il Sindaco di Ariccia, Gianluca Staccoli, l&#8217;Assessore Maurizio Ghignati, il Consigliere Matteo Giobbi e la Consigliera Anna Lory Di Felice che ha espresso parole di elogio e apprezzamento per il concerto religioso molto toccante tenutosi in chiesa, al quale l&#8217;Amministrazione e la cittadinanza hanno assistito.<\/p>\n\n\n\n<figure class=\"wp-block-image size-large\"><img loading=\"lazy\" decoding=\"async\" width=\"1024\" height=\"577\" src=\"http:\/\/informazione365.net\/wp-content\/uploads\/2025\/12\/ariccia-2222-1024x577.jpg\" alt=\"\" class=\"wp-image-5246\" srcset=\"https:\/\/informazione365.net\/wp-content\/uploads\/2025\/12\/ariccia-2222-1024x577.jpg 1024w, https:\/\/informazione365.net\/wp-content\/uploads\/2025\/12\/ariccia-2222-300x169.jpg 300w, https:\/\/informazione365.net\/wp-content\/uploads\/2025\/12\/ariccia-2222-768x432.jpg 768w, https:\/\/informazione365.net\/wp-content\/uploads\/2025\/12\/ariccia-2222-1536x865.jpg 1536w, https:\/\/informazione365.net\/wp-content\/uploads\/2025\/12\/ariccia-2222-390x220.jpg 390w, https:\/\/informazione365.net\/wp-content\/uploads\/2025\/12\/ariccia-2222.jpg 1600w\" sizes=\"auto, (max-width: 1024px) 100vw, 1024px\" \/><\/figure>\n","protected":false},"excerpt":{"rendered":"<p>Ieri, luned\u00ec 8 dicembre 2025, si \u00e8 svolta la 370\u00b0 Festa della Madonna di Galloro, un evento che ha richiamato numerosi fedeli e visitatori, organizzato dalla Confraternita della Madonna di Galloro nella persona del Presidente Isa Fortini. La giornata \u00e8 iniziata in Piazza di Corte con l&#8217;arrivo dell&#8217;Amministrazione e della Banda Musicale A.M.A. &#8220;Citt\u00e0 di &hellip;<\/p>\n","protected":false},"author":1,"featured_media":5245,"comment_status":"closed","ping_status":"closed","sticky":false,"template":"","format":"standard","meta":{"footnotes":""},"categories":[3],"tags":[980,2337],"class_list":["post-5244","post","type-post","status-publish","format-standard","has-post-thumbnail","hentry","category-attualita","tag-ariccia","tag-madonna-di-galloro"],"_links":{"self":[{"href":"https:\/\/informazione365.net\/index.php\/wp-json\/wp\/v2\/posts\/5244","targetHints":{"allow":["GET"]}}],"collection":[{"href":"https:\/\/informazione365.net\/index.php\/wp-json\/wp\/v2\/posts"}],"about":[{"href":"https:\/\/informazione365.net\/index.php\/wp-json\/wp\/v2\/types\/post"}],"author":[{"embeddable":true,"href":"https:\/\/informazione365.net\/index.php\/wp-json\/wp\/v2\/users\/1"}],"replies":[{"embeddable":true,"href":"https:\/\/informazione365.net\/index.php\/wp-json\/wp\/v2\/comments?post=5244"}],"version-history":[{"count":1,"href":"https:\/\/informazione365.net\/index.php\/wp-json\/wp\/v2\/posts\/5244\/revisions"}],"predecessor-version":[{"id":5247,"href":"https:\/\/informazione365.net\/index.php\/wp-json\/wp\/v2\/posts\/5244\/revisions\/5247"}],"wp:featuredmedia":[{"embeddable":true,"href":"https:\/\/informazione365.net\/index.php\/wp-json\/wp\/v2\/media\/5245"}],"wp:attachment":[{"href":"https:\/\/informazione365.net\/index.php\/wp-json\/wp\/v2\/media?parent=5244"}],"wp:term":[{"taxonomy":"category","embeddable":true,"href":"https:\/\/informazione365.net\/index.php\/wp-json\/wp\/v2\/categories?post=5244"},{"taxonomy":"post_tag","embeddable":true,"href":"https:\/\/informazione365.net\/index.php\/wp-json\/wp\/v2\/tags?post=5244"}],"curies":[{"name":"wp","href":"https:\/\/api.w.org\/{rel}","templated":true}]}}