{"id":5241,"date":"2025-12-05T20:18:16","date_gmt":"2025-12-05T20:18:16","guid":{"rendered":"https:\/\/informazione365.net\/?p=5241"},"modified":"2025-12-05T20:18:17","modified_gmt":"2025-12-05T20:18:17","slug":"la-galleria-alberto-sordi-apre-le-festivita-con-laccensione-dellalbero-un-coro-gospel-e-tanta-solidarieta-accompagnati-da-iniziative-dedicate-a-famiglie-e-bambini","status":"publish","type":"post","link":"https:\/\/informazione365.net\/index.php\/2025\/12\/05\/la-galleria-alberto-sordi-apre-le-festivita-con-laccensione-dellalbero-un-coro-gospel-e-tanta-solidarieta-accompagnati-da-iniziative-dedicate-a-famiglie-e-bambini\/","title":{"rendered":"La Galleria Alberto Sordi apre le festivit\u00e0 con l\u2019accensione dell\u2019Albero, un coro gospel e tanta solidariet\u00e0, accompagnati da iniziative dedicate a famiglie e bambini"},"content":{"rendered":"\n<p><strong>8 dicembre 2025<\/strong><\/p>\n\n\n\n<p>Nel cuore di Roma, la storica Galleria Alberto Sordi si prepara a celebrare il Natale con un programma ricco di suggestioni, musica e gesti di solidariet\u00e0. L\u20198 dicembre, infatti, la tradizionale cerimonia di accensione del grande Albero di Natale segner\u00e0 l\u2019avvio ufficiale delle festivit\u00e0, restituendo alla citt\u00e0 uno dei momenti pi\u00f9 attesi di questo periodo. A rendere ancora pi\u00f9 emozionante l\u2019evento sar\u00e0 un coro gospel composto da 80 elementi, che accompagner\u00e0 la cerimonia con un repertorio capace di esaltare lo spirito natalizio e di valorizzare l\u2019atmosfera unica della Galleria, intitolata al grande Alberto Sordi, simbolo di una Roma accogliente, generosa e profondamente legata alle proprie tradizioni. Dal 20 al 24 dicembre, la Galleria. luogo iconico della Capitale gestito da Prelios SGR attraverso il Fondo Megas, di propriet\u00e0 di Fondazione Enasarco, accoglier\u00e0 un calendario di attivit\u00e0 pensate in particolare per i pi\u00f9 piccoli. I bambini avranno l\u2019opportunit\u00e0 di incontrare Babbo Natale, salire sulla slitta allestita all\u2019interno della struttura e imbucare la propria letterina in una cassetta postale dedicata. Le giornate saranno animate da un elfo in costume, che intratterr\u00e0 famiglie e visitatori contribuendo a creare un ambiente festoso e inclusivo. Il programma natalizio della Galleria Alberto Sordi si distingue anche per una forte dimensione solidale. Accanto alla slitta sar\u00e0 infatti allestito il \u201cSacco di Natale\u201d, un punto di raccolta in cui i visitatori potranno donare giocattoli o libri acquistati nei negozi della Galleria. Tutto il materiale raccolto sar\u00e0 destinato al Reparto di Pediatria del Policlinico Gemelli, in un gesto concreto di vicinanza ai bambini ricoverati e alle loro famiglie. La consegna dei doni avverr\u00e0 il 6 gennaio, giorno dell\u2019Epifania, quando la Befana far\u00e0 visita ai piccoli pazienti per un momento speciale di festa e condivisione. Successivamente, la Befana raggiunger\u00e0 la Galleria Alberto Sordi per salutare il pubblico e distribuire dolci e omaggi, chiudendo simbolicamente il percorso di iniziative avviato con l\u2019accensione dell\u2019Albero e confermando la volont\u00e0 della Galleria di essere non solo un luogo di incontro e bellezza, ma anche di partecipazione e solidariet\u00e0.<\/p>\n","protected":false},"excerpt":{"rendered":"<p>8 dicembre 2025 Nel cuore di Roma, la storica Galleria Alberto Sordi si prepara a celebrare il Natale con un programma ricco di suggestioni, musica e gesti di solidariet\u00e0. L\u20198 dicembre, infatti, la tradizionale cerimonia di accensione del grande Albero di Natale segner\u00e0 l\u2019avvio ufficiale delle festivit\u00e0, restituendo alla citt\u00e0 uno dei momenti pi\u00f9 attesi &hellip;<\/p>\n","protected":false},"author":1,"featured_media":5242,"comment_status":"closed","ping_status":"closed","sticky":false,"template":"","format":"standard","meta":{"footnotes":""},"categories":[1377,3,2,29,811],"tags":[],"class_list":["post-5241","post","type-post","status-publish","format-standard","has-post-thumbnail","hentry","category-ambiente","category-attualita","category-cronaca","category-sanita","category-scuola"],"_links":{"self":[{"href":"https:\/\/informazione365.net\/index.php\/wp-json\/wp\/v2\/posts\/5241","targetHints":{"allow":["GET"]}}],"collection":[{"href":"https:\/\/informazione365.net\/index.php\/wp-json\/wp\/v2\/posts"}],"about":[{"href":"https:\/\/informazione365.net\/index.php\/wp-json\/wp\/v2\/types\/post"}],"author":[{"embeddable":true,"href":"https:\/\/informazione365.net\/index.php\/wp-json\/wp\/v2\/users\/1"}],"replies":[{"embeddable":true,"href":"https:\/\/informazione365.net\/index.php\/wp-json\/wp\/v2\/comments?post=5241"}],"version-history":[{"count":1,"href":"https:\/\/informazione365.net\/index.php\/wp-json\/wp\/v2\/posts\/5241\/revisions"}],"predecessor-version":[{"id":5243,"href":"https:\/\/informazione365.net\/index.php\/wp-json\/wp\/v2\/posts\/5241\/revisions\/5243"}],"wp:featuredmedia":[{"embeddable":true,"href":"https:\/\/informazione365.net\/index.php\/wp-json\/wp\/v2\/media\/5242"}],"wp:attachment":[{"href":"https:\/\/informazione365.net\/index.php\/wp-json\/wp\/v2\/media?parent=5241"}],"wp:term":[{"taxonomy":"category","embeddable":true,"href":"https:\/\/informazione365.net\/index.php\/wp-json\/wp\/v2\/categories?post=5241"},{"taxonomy":"post_tag","embeddable":true,"href":"https:\/\/informazione365.net\/index.php\/wp-json\/wp\/v2\/tags?post=5241"}],"curies":[{"name":"wp","href":"https:\/\/api.w.org\/{rel}","templated":true}]}}