{"id":5238,"date":"2025-12-05T13:22:21","date_gmt":"2025-12-05T13:22:21","guid":{"rendered":"https:\/\/informazione365.net\/?p=5238"},"modified":"2025-12-05T13:22:22","modified_gmt":"2025-12-05T13:22:22","slug":"a-pastena-laccademia-dei-borghi-connessi-per-accelerare-la-trasformazione-digitale-dei-piccoli-comuni","status":"publish","type":"post","link":"https:\/\/informazione365.net\/index.php\/2025\/12\/05\/a-pastena-laccademia-dei-borghi-connessi-per-accelerare-la-trasformazione-digitale-dei-piccoli-comuni\/","title":{"rendered":"A Pastena l\u2019Accademia dei Borghi Connessi per accelerare la trasformazione digitale dei piccoli comuni"},"content":{"rendered":"\n<p>Roma, 5 dicembre \u2013 Il Comune di Pastena, in provincia di Frosinone, ha accolto oggi una nuova tappa dell\u2019Accademia dei Borghi Connessi, l\u2019iniziativa promossa da WINDTRE nell\u2019ambito del suo piano di sostenibilit\u00e0. L\u2019evento, organizzato in collaborazione con l\u2019Associazione Intercomunale dei comuni della Valle del Liri, \u00e8 rivolto alle municipalit\u00e0 associate e dedicato alla trasformazione digitale dei piccoli comuni. Al centro dell\u2019incontro, l\u2019applicazione concreta delle tecnologie digitali per migliorare i servizi pubblici, l\u2019efficienza energetica e la qualit\u00e0 della vita dei cittadini.<\/p>\n\n\n\n<p>Dal 2021, il progetto Borghi Connessi ha coinvolto 115 comuni italiani con l\u2019obiettivo di accompagnare la crescita dei territori attraverso interventi che favoriscano conoscenze e competenze sulle nuove tecnologie. L\u2019iniziativa prevede corsi di formazione per cittadini di ogni et\u00e0, piccole imprese e Pubblica Amministrazione, con lo scopo di colmare il divario digitale che ancora penalizza molte realt\u00e0 locali e contribuire a uno sviluppo pi\u00f9 sostenibile, inclusivo e consapevole. L\u2019Accademia Borghi Connessi, lanciata nel 2024 si rivolge principalmente agli amministratori pubblici e promuove attraverso seminari, webinar e tavole rotonde la conoscenza delle tecnologie emergenti e delle soluzioni digitali che possono migliorare la qualit\u00e0 della vita nei piccoli centri, sia dal punto di vista ambientale che sociale.<\/p>\n\n\n\n<p>\u00ab<em>Con Borghi Connessi vogliamo offrire ai piccoli comuni italiani strumenti concreti per affrontare la sfida della trasformazione digitale<\/em>\u201d. Dichiara Paolo Campagnolo, project manager del progetto Borghi Connessi di WINDTRE. \u201c<em>L\u2019obiettivo \u00e8 creare opportunit\u00e0 di crescita e inclusione, favorendo l\u2019accesso alle tecnologie e alle competenze necessarie per migliorare i servizi pubblici e la qualit\u00e0 della vita. Pastena rappresenta un esempio virtuoso di come la collaborazione tra istituzioni e imprese possa generare valore per i cittadini e per il territorio<\/em>.\u00bb<\/p>\n\n\n\n<p><em>\u201cAbbiamo aderito con convinzione a questo progetto- <\/em>ha dichiarato Giovanni Frattarelli Presidente dell\u2019Associazione Intercomunale dei comuni della Valle del Liri<em> &#8211; perch\u00e9 crediamo che la digitalizzazione sia una leva strategica per lo sviluppo locale. Vogliamo costruire comunit\u00e0 pi\u00f9 connesse, pi\u00f9 sicure e pi\u00f9 inclusive, accompagnando cittadini imprese, scuole e anziani in un percorso di crescita digitale\u201d<\/em><\/p>\n\n\n\n<p>Il progetto \u00abBorghi connessi\u00bb fa parte del piano di sostenibilit\u00e0 Wind Tre, un programma composto da dieci obiettivi concreti, misurabili ed integrati nell&#8217;attivit\u00e0 dell\u2019impresa. L\u2019azienda promuove da anni soluzioni che mirano ad accompagnare il Paese verso un futuro pi\u00f9 sostenibile ed inclusivo e si propone di raggiungere, entro il 2030, ambiziosi risultati nell\u2019ambito di tutte e tre le dimensioni ESG (Environmental, Social and Governance), in linea con l\u2019Agenda ONU 2030. Per maggiori informazioni, \u00e8 possibile visitare la sezione Sostenibilit\u00e0 del sito Wind Tre: <a href=\"https:\/\/eur01.safelinks.protection.outlook.com\/?url=https%3A%2F%2Fwww.windtregroup.it%2FIT%2FSustainability%2Fla-nostra-visione.aspx&amp;data=05%7C02%7Calessandro.conte%40windtre.it%7C4e256030202d4e483c3b08de325fbf16%7C86fb8e1f02bd443496aeaa3ef467ada8%7C0%7C0%7C639003583958150673%7CUnknown%7CTWFpbGZsb3d8eyJFbXB0eU1hcGkiOnRydWUsIlYiOiIwLjAuMDAwMCIsIlAiOiJXaW4zMiIsIkFOIjoiTWFpbCIsIldUIjoyfQ%3D%3D%7C0%7C%7C%7C&amp;sdata=rZx785YkoLL7lwsc3rwdzsqOQp%2FWNq%2BTNkJBDOEnDNk%3D&amp;reserved=0\">https:\/\/www.windtregroup.it\/IT\/Sustainability\/la-nostra-visione.aspx<\/a>.<\/p>\n","protected":false},"excerpt":{"rendered":"<p>Roma, 5 dicembre \u2013 Il Comune di Pastena, in provincia di Frosinone, ha accolto oggi una nuova tappa dell\u2019Accademia dei Borghi Connessi, l\u2019iniziativa promossa da WINDTRE nell\u2019ambito del suo piano di sostenibilit\u00e0. L\u2019evento, organizzato in collaborazione con l\u2019Associazione Intercomunale dei comuni della Valle del Liri, \u00e8 rivolto alle municipalit\u00e0 associate e dedicato alla trasformazione digitale &hellip;<\/p>\n","protected":false},"author":1,"featured_media":5239,"comment_status":"closed","ping_status":"closed","sticky":false,"template":"","format":"standard","meta":{"footnotes":""},"categories":[3,2,388],"tags":[],"class_list":["post-5238","post","type-post","status-publish","format-standard","has-post-thumbnail","hentry","category-attualita","category-cronaca","category-curiosita"],"_links":{"self":[{"href":"https:\/\/informazione365.net\/index.php\/wp-json\/wp\/v2\/posts\/5238","targetHints":{"allow":["GET"]}}],"collection":[{"href":"https:\/\/informazione365.net\/index.php\/wp-json\/wp\/v2\/posts"}],"about":[{"href":"https:\/\/informazione365.net\/index.php\/wp-json\/wp\/v2\/types\/post"}],"author":[{"embeddable":true,"href":"https:\/\/informazione365.net\/index.php\/wp-json\/wp\/v2\/users\/1"}],"replies":[{"embeddable":true,"href":"https:\/\/informazione365.net\/index.php\/wp-json\/wp\/v2\/comments?post=5238"}],"version-history":[{"count":1,"href":"https:\/\/informazione365.net\/index.php\/wp-json\/wp\/v2\/posts\/5238\/revisions"}],"predecessor-version":[{"id":5240,"href":"https:\/\/informazione365.net\/index.php\/wp-json\/wp\/v2\/posts\/5238\/revisions\/5240"}],"wp:featuredmedia":[{"embeddable":true,"href":"https:\/\/informazione365.net\/index.php\/wp-json\/wp\/v2\/media\/5239"}],"wp:attachment":[{"href":"https:\/\/informazione365.net\/index.php\/wp-json\/wp\/v2\/media?parent=5238"}],"wp:term":[{"taxonomy":"category","embeddable":true,"href":"https:\/\/informazione365.net\/index.php\/wp-json\/wp\/v2\/categories?post=5238"},{"taxonomy":"post_tag","embeddable":true,"href":"https:\/\/informazione365.net\/index.php\/wp-json\/wp\/v2\/tags?post=5238"}],"curies":[{"name":"wp","href":"https:\/\/api.w.org\/{rel}","templated":true}]}}