{"id":5212,"date":"2025-12-02T17:00:49","date_gmt":"2025-12-02T17:00:49","guid":{"rendered":"https:\/\/informazione365.net\/?p=5212"},"modified":"2025-12-02T17:00:50","modified_gmt":"2025-12-02T17:00:50","slug":"un-successo-il-convegno-unicoop-lazio-sulla-cooperazione-sociale","status":"publish","type":"post","link":"https:\/\/informazione365.net\/index.php\/2025\/12\/02\/un-successo-il-convegno-unicoop-lazio-sulla-cooperazione-sociale\/","title":{"rendered":"UN SUCCESSO IL CONVEGNO UNICOOP LAZIO SULLA COOPERAZIONE SOCIALE"},"content":{"rendered":"\n<p>Intervenuti Brunetta, Durigon, Ciocchetti, Donato, Maselli, Stura e Dello Russo<\/p>\n\n\n\n<p><\/p>\n\n\n\n<p>Bunetta: \u201cLavoriamo insieme, questa \u00e8 casa vostra\u201d<\/p>\n\n\n\n<p>La mattina del 1 dicembre 2025 a Villa Lubin, sede del CNEL di Roma, il presidente Renato Brunetta, salutando i rappresentanti Unicoop, ha voluto sottolineare come sia questo l\u2019Organo di Consulenza del Governo e del Parlamento.<\/p>\n\n\n\n<p>\u201cDobbiamo porre particolare attenzione ai corpi intermedi; sono oggi la soluzione al caos che si sta verificando. Rappresentano tutti quelli che si interessano dei problemi degli altri senza rappresentanza politica, ma sociale, economica, culturale ed empatica.&nbsp;<\/p>\n\n\n\n<p>Oggi mi sento di dire: lavoriamo insieme, questa \u00e8 casa vostra. E\u2019 una occasione straordinaria l\u2019action plan del Governo, l\u2019inizio di una riflessione strategica, per lavorare insieme. Questo nostro Paese pieno di difetti ha trovato una dimensione nell\u2019economia sociale, nell\u2019interesse comune che nessun altro paese al mondo ha. E concludo: Chi ha una rete, una rete di contatti e collaborazioni, ha un tesoro, chi si occupa delle persone ha un tesoro all\u2019ennesima potenza\u201d.&nbsp;<\/p>\n\n\n\n<p>Dello Russo: \u201cTema della cooperazione sociale sempre pi\u00f9 centrale\u201d<\/p>\n\n\n\n<p>Il convegno, aperto dal presidente del CNEL Renato Brunetta, ha registrato i saluti ed il contributo del presidente nazionale Unicoop, Lucia Dello Russo: \u201cIl 2025 \u00e8 stato decretato dall\u2019ONU \u2013 Organizzazione delle Nazioni Unite \u2013 l\u2019anno internazionale delle cooperative. Il tema della cooperazione sociale \u00e8 sempre pi\u00f9 centrale, anche grazie al doppio ruolo, offrire servizi alla persona, ristabilire le opportunit\u00e0 di insedimento lavorativo anche alle fasce svantaggiate. Nello specifico le cooperative sociali di tipo A sono una risorsa integrativa essenziale per il ruolo pubblico, contribuendo in modo significativo alla sostenibilit\u00e0 del sistema. Occorrono misure specifiche per creare strumenti efficaci e rafforzare il settore. Occorre promuovere partenariati sociali, introdurre meccanismi di incentivazione, il modello di appalto socialmente responsabile, sostenibilit\u00e0 a lungo termine, minor costo sociale e sostegno all\u2019economia sociale. E infine: sar\u00e0 fondamentale creare cultura comune tra operatori del terzo settore e amministrazione pubblica\u201d.<\/p>\n\n\n\n<p>Stura: \u201cIn evidenza anche l\u2019integrazione socio sanitaria\u201d<\/p>\n\n\n\n<p>Nel salutare l\u2019assessore regionale Massimiliano Maselli per il contributo nella realizzazione del convegno, il presidente Unicoop Lazio Lorenzo Stura ricorda il presidente CNEL Renato Brunetta e lo ringrazia per la disponibilit\u00e0 ad ospitare l\u2019incontro. Focus di Stura, che introduce gli interventi dei relatori, su \u201ctemi di rilevanza assoluta quali l\u2019importanza dei contratti collettivi nazionali, le relative certificazioni dei contratti di lavoro a garanzia della legalit\u00e0 dei rapporti, le migliori soluzioni per partecipare alle gare di appalto pubblico tali da evidenziare gli aspetti che generano valore aggiunto per la collettivit\u00e0, proposte e strategie che rendano pi\u00f9 efficace la realizzazione del Piano Nazionale di Economia Sociale. Ed infine, evidenzia la scommessa sull\u2019integrazione socio sanitaria, in un momento storico in cui occorre intervenire nel settore, con progetti condivisi\u201d.<\/p>\n\n\n\n<p>Durigon: \u201cSono un fan della contrattazione collettiva\u201d<\/p>\n\n\n\n<p>Durigon &#8211; \u201cOggi l\u2019Italia&nbsp;&nbsp;vanta il 63% di occupazione, mai nella storia, con un mercato del lavoro in evoluzione &#8211; afferma il Sottosegretario al Ministero del Lavoro e delle Politiche Sociali, Claudio Durigon &#8211; In alcuni settori siamo impreparati, ma abbiamo ancora possibilit\u00e0 di crescita. Purtroppo L a forza lavoro degli over 60 \u00e8 predominante, mentre i giovani rappresentano solo il 4%, in Europa pi\u00f9 del doppio. E l\u2019intelligenza artificiale \u00e8 ormai entrata nel mercato del lavoro. Dobbiamo trovare un giusto equilibrio tra il bilancio e il necessario ricambio generazionale. Sono un fan della contrattazione collettiva, perch\u00e9 \u00e8 la libert\u00e0. La comparativa o equivalente elimina i contratti dumping\u201d, conclude Durigon.<\/p>\n\n\n\n<p>Loiero: \u201cL\u2019AI non toglier\u00e0 lavoro, ma sar\u00e0 una opportunit\u00e0\u201d<\/p>\n\n\n\n<p>\u201cIn merito al piano d\u2019azione nazionale dell\u2019economia sociale, abbiamo lavorato in maniera attenta con il sottosegretario Albano perimetrando diverse criticit\u00e0&nbsp;&nbsp;&#8211; afferma Renato Loiero, consigliere Politiche di Bilancio del CdM &#8211; Non ho mai visto cos\u00ec tante iniziative in ambito sociale come quelle che sono state attuate in questo momento particolare. Una considerazione va fatta sul nuovo mercato del lavoro: Perder\u00e0 il lavoro solo chi non sapr\u00e0 usare l\u2019Intelligenza Artificiale.<\/p>\n\n\n\n<figure class=\"wp-block-gallery has-nested-images columns-default is-cropped wp-block-gallery-1 is-layout-flex wp-block-gallery-is-layout-flex\">\n<figure class=\"wp-block-image size-large\"><img loading=\"lazy\" decoding=\"async\" width=\"1024\" height=\"666\" data-id=\"5219\" src=\"https:\/\/informazione365.net\/wp-content\/uploads\/2025\/12\/BRUNETTA-1024x666.jpg\" alt=\"\" class=\"wp-image-5219\" srcset=\"https:\/\/informazione365.net\/wp-content\/uploads\/2025\/12\/BRUNETTA-1024x666.jpg 1024w, https:\/\/informazione365.net\/wp-content\/uploads\/2025\/12\/BRUNETTA-300x195.jpg 300w, https:\/\/informazione365.net\/wp-content\/uploads\/2025\/12\/BRUNETTA-768x500.jpg 768w, https:\/\/informazione365.net\/wp-content\/uploads\/2025\/12\/BRUNETTA-1536x999.jpg 1536w, https:\/\/informazione365.net\/wp-content\/uploads\/2025\/12\/BRUNETTA.jpg 1728w\" sizes=\"auto, (max-width: 1024px) 100vw, 1024px\" \/><\/figure>\n\n\n\n<figure class=\"wp-block-image size-large\"><img loading=\"lazy\" decoding=\"async\" width=\"1024\" height=\"768\" data-id=\"5218\" src=\"https:\/\/informazione365.net\/wp-content\/uploads\/2025\/12\/STURA-BRUNETTA-1024x768.jpg\" alt=\"\" class=\"wp-image-5218\" srcset=\"https:\/\/informazione365.net\/wp-content\/uploads\/2025\/12\/STURA-BRUNETTA-1024x768.jpg 1024w, https:\/\/informazione365.net\/wp-content\/uploads\/2025\/12\/STURA-BRUNETTA-300x225.jpg 300w, https:\/\/informazione365.net\/wp-content\/uploads\/2025\/12\/STURA-BRUNETTA-768x576.jpg 768w, https:\/\/informazione365.net\/wp-content\/uploads\/2025\/12\/STURA-BRUNETTA-1536x1152.jpg 1536w, https:\/\/informazione365.net\/wp-content\/uploads\/2025\/12\/STURA-BRUNETTA.jpg 2016w\" sizes=\"auto, (max-width: 1024px) 100vw, 1024px\" \/><\/figure>\n\n\n\n<figure class=\"wp-block-image size-large\"><img loading=\"lazy\" decoding=\"async\" width=\"768\" height=\"1024\" data-id=\"5217\" src=\"https:\/\/informazione365.net\/wp-content\/uploads\/2025\/12\/LUCIA-DELLO-RUSSO-BRUNETTA-768x1024.jpg\" alt=\"\" class=\"wp-image-5217\" srcset=\"https:\/\/informazione365.net\/wp-content\/uploads\/2025\/12\/LUCIA-DELLO-RUSSO-BRUNETTA-768x1024.jpg 768w, https:\/\/informazione365.net\/wp-content\/uploads\/2025\/12\/LUCIA-DELLO-RUSSO-BRUNETTA-225x300.jpg 225w, https:\/\/informazione365.net\/wp-content\/uploads\/2025\/12\/LUCIA-DELLO-RUSSO-BRUNETTA-1152x1536.jpg 1152w, https:\/\/informazione365.net\/wp-content\/uploads\/2025\/12\/LUCIA-DELLO-RUSSO-BRUNETTA.jpg 1512w\" sizes=\"auto, (max-width: 768px) 100vw, 768px\" \/><\/figure>\n\n\n\n<figure class=\"wp-block-image size-large\"><img loading=\"lazy\" decoding=\"async\" width=\"1024\" height=\"768\" data-id=\"5216\" src=\"https:\/\/informazione365.net\/wp-content\/uploads\/2025\/12\/STURA-BRUNETTA2-1024x768.jpg\" alt=\"\" class=\"wp-image-5216\" srcset=\"https:\/\/informazione365.net\/wp-content\/uploads\/2025\/12\/STURA-BRUNETTA2-1024x768.jpg 1024w, https:\/\/informazione365.net\/wp-content\/uploads\/2025\/12\/STURA-BRUNETTA2-300x225.jpg 300w, https:\/\/informazione365.net\/wp-content\/uploads\/2025\/12\/STURA-BRUNETTA2-768x576.jpg 768w, https:\/\/informazione365.net\/wp-content\/uploads\/2025\/12\/STURA-BRUNETTA2-1536x1152.jpg 1536w, https:\/\/informazione365.net\/wp-content\/uploads\/2025\/12\/STURA-BRUNETTA2.jpg 2016w\" sizes=\"auto, (max-width: 1024px) 100vw, 1024px\" \/><\/figure>\n\n\n\n<figure class=\"wp-block-image size-large\"><img loading=\"lazy\" decoding=\"async\" width=\"1024\" height=\"768\" data-id=\"5215\" src=\"https:\/\/informazione365.net\/wp-content\/uploads\/2025\/12\/LUCIA-DELLO-RUSSO-BRUNETTA2-1024x768.jpg\" alt=\"\" class=\"wp-image-5215\" srcset=\"https:\/\/informazione365.net\/wp-content\/uploads\/2025\/12\/LUCIA-DELLO-RUSSO-BRUNETTA2-1024x768.jpg 1024w, https:\/\/informazione365.net\/wp-content\/uploads\/2025\/12\/LUCIA-DELLO-RUSSO-BRUNETTA2-300x225.jpg 300w, https:\/\/informazione365.net\/wp-content\/uploads\/2025\/12\/LUCIA-DELLO-RUSSO-BRUNETTA2-768x576.jpg 768w, https:\/\/informazione365.net\/wp-content\/uploads\/2025\/12\/LUCIA-DELLO-RUSSO-BRUNETTA2-1536x1152.jpg 1536w, https:\/\/informazione365.net\/wp-content\/uploads\/2025\/12\/LUCIA-DELLO-RUSSO-BRUNETTA2.jpg 2016w\" sizes=\"auto, (max-width: 1024px) 100vw, 1024px\" \/><\/figure>\n\n\n\n<figure class=\"wp-block-image size-large\"><img loading=\"lazy\" decoding=\"async\" width=\"1024\" height=\"768\" data-id=\"5214\" src=\"https:\/\/informazione365.net\/wp-content\/uploads\/2025\/12\/BRUNETTA22-1024x768.jpg\" alt=\"\" class=\"wp-image-5214\" srcset=\"https:\/\/informazione365.net\/wp-content\/uploads\/2025\/12\/BRUNETTA22-1024x768.jpg 1024w, https:\/\/informazione365.net\/wp-content\/uploads\/2025\/12\/BRUNETTA22-300x225.jpg 300w, https:\/\/informazione365.net\/wp-content\/uploads\/2025\/12\/BRUNETTA22-768x576.jpg 768w, https:\/\/informazione365.net\/wp-content\/uploads\/2025\/12\/BRUNETTA22-1536x1152.jpg 1536w, https:\/\/informazione365.net\/wp-content\/uploads\/2025\/12\/BRUNETTA22.jpg 2016w\" sizes=\"auto, (max-width: 1024px) 100vw, 1024px\" \/><\/figure>\n\n\n\n<figure class=\"wp-block-image size-large\"><img loading=\"lazy\" decoding=\"async\" width=\"1024\" height=\"768\" data-id=\"5213\" src=\"https:\/\/informazione365.net\/wp-content\/uploads\/2025\/12\/BRUNETTA2233-1024x768.jpg\" alt=\"\" class=\"wp-image-5213\" srcset=\"https:\/\/informazione365.net\/wp-content\/uploads\/2025\/12\/BRUNETTA2233-1024x768.jpg 1024w, https:\/\/informazione365.net\/wp-content\/uploads\/2025\/12\/BRUNETTA2233-300x225.jpg 300w, https:\/\/informazione365.net\/wp-content\/uploads\/2025\/12\/BRUNETTA2233-768x576.jpg 768w, https:\/\/informazione365.net\/wp-content\/uploads\/2025\/12\/BRUNETTA2233-1536x1152.jpg 1536w, https:\/\/informazione365.net\/wp-content\/uploads\/2025\/12\/BRUNETTA2233.jpg 2016w\" sizes=\"auto, (max-width: 1024px) 100vw, 1024px\" \/><\/figure>\n<\/figure>\n","protected":false},"excerpt":{"rendered":"<p>Intervenuti Brunetta, Durigon, Ciocchetti, Donato, Maselli, Stura e Dello Russo Bunetta: \u201cLavoriamo insieme, questa \u00e8 casa vostra\u201d La mattina del 1 dicembre 2025 a Villa Lubin, sede del CNEL di Roma, il presidente Renato Brunetta, salutando i rappresentanti Unicoop, ha voluto sottolineare come sia questo l\u2019Organo di Consulenza del Governo e del Parlamento. \u201cDobbiamo porre &hellip;<\/p>\n","protected":false},"author":1,"featured_media":5214,"comment_status":"closed","ping_status":"closed","sticky":false,"template":"","format":"standard","meta":{"footnotes":""},"categories":[1377,3,2,750,5,29],"tags":[2324,2300,2325,2328,2326,2171,1902,710,1961,1960],"class_list":["post-5212","post","type-post","status-publish","format-standard","has-post-thumbnail","hentry","category-ambiente","category-attualita","category-cronaca","category-economia","category-politica","category-sanita","tag-brunetta","tag-cnel","tag-convegno-unicoop","tag-cooperazione-sociale","tag-lavoro-e-sociale","tag-lorenzo-stura","tag-lucia-dello-russo","tag-unicoop","tag-unicoop-informa","tag-unicoop-lazio"],"_links":{"self":[{"href":"https:\/\/informazione365.net\/index.php\/wp-json\/wp\/v2\/posts\/5212","targetHints":{"allow":["GET"]}}],"collection":[{"href":"https:\/\/informazione365.net\/index.php\/wp-json\/wp\/v2\/posts"}],"about":[{"href":"https:\/\/informazione365.net\/index.php\/wp-json\/wp\/v2\/types\/post"}],"author":[{"embeddable":true,"href":"https:\/\/informazione365.net\/index.php\/wp-json\/wp\/v2\/users\/1"}],"replies":[{"embeddable":true,"href":"https:\/\/informazione365.net\/index.php\/wp-json\/wp\/v2\/comments?post=5212"}],"version-history":[{"count":1,"href":"https:\/\/informazione365.net\/index.php\/wp-json\/wp\/v2\/posts\/5212\/revisions"}],"predecessor-version":[{"id":5220,"href":"https:\/\/informazione365.net\/index.php\/wp-json\/wp\/v2\/posts\/5212\/revisions\/5220"}],"wp:featuredmedia":[{"embeddable":true,"href":"https:\/\/informazione365.net\/index.php\/wp-json\/wp\/v2\/media\/5214"}],"wp:attachment":[{"href":"https:\/\/informazione365.net\/index.php\/wp-json\/wp\/v2\/media?parent=5212"}],"wp:term":[{"taxonomy":"category","embeddable":true,"href":"https:\/\/informazione365.net\/index.php\/wp-json\/wp\/v2\/categories?post=5212"},{"taxonomy":"post_tag","embeddable":true,"href":"https:\/\/informazione365.net\/index.php\/wp-json\/wp\/v2\/tags?post=5212"}],"curies":[{"name":"wp","href":"https:\/\/api.w.org\/{rel}","templated":true}]}}