{"id":5144,"date":"2025-11-26T15:05:38","date_gmt":"2025-11-26T15:05:38","guid":{"rendered":"https:\/\/informazione365.net\/?p=5144"},"modified":"2025-11-26T15:06:49","modified_gmt":"2025-11-26T15:06:49","slug":"unicoop-lazio-il-lavoro-nella-cooperazione-sociale-e-nellassistenza-alla-persona","status":"publish","type":"post","link":"https:\/\/informazione365.net\/index.php\/2025\/11\/26\/unicoop-lazio-il-lavoro-nella-cooperazione-sociale-e-nellassistenza-alla-persona\/","title":{"rendered":"Unicoop Lazio &#8211; \u201cIl lavoro nella cooperazione sociale e nell\u2019assistenza alla persona\u201d"},"content":{"rendered":"\n<p><br>Il prossimo 1 Dicembre 2025, al CNEL di Roma, nella Plenaria Marco Biagi, si terr\u00e0 il convegno \u201cIl lavoro nella cooperazione sociale e nell\u2019assistenza alla persona\u201d organizzato da Unicoop Lazio grazie al contributo della Regione Lazio nel quale le cooperative incontreranno l\u2019assessore regionale alle Politiche Sociali e Inclusione Massimiliano Maselli per confrontarsi sul ruolo essenziale della cooperazione sociale nella nostra Regione e fare il punto sulle iniziative che la stessa istituzione regionale ha messo in campo in questa consigliatura.<br>Con l\u2019occasione si affronteranno anche altri importanti argomenti e temi quali la rilevanza dei contratti collettivi nazionali, le relative certificazioni dei contratti di lavoro a garanzia della legalit\u00e0 dei rapporti, le migliori soluzioni per partecipare alle gare di appalto pubblico tali da evidenziare gli aspetti che generano valore aggiunto per la collettivit\u00e0, proposte e strategie che rendano pi\u00f9 efficace la realizzazione del Piano Nazionale di Economia Sociale. Infine, si parler\u00e0 anche di riforma della vigilanza cooperativa, a valorizzare il ruolo delle associazioni del movimento cooperativo. Interverranno, tra gli altri, il sottosegretario Claudio Durigon, l\u2019onorevole Luciano Ciocchetti, il direttore generale Servizi Vigilanza Mimit Giulio Mario Donato, il consigliere del presidente del Consiglio dei Ministri Renato Loiero. Il programma sar\u00e0 moderato dal presidente Unicoop Lazio avv. Lorenzo Stura.<\/p>\n\n\n\n<figure class=\"wp-block-image size-full\"><img loading=\"lazy\" decoding=\"async\" width=\"490\" height=\"697\" src=\"https:\/\/informazione365.net\/wp-content\/uploads\/2025\/11\/programma-unicoop.jpg\" alt=\"\" class=\"wp-image-5147\" srcset=\"https:\/\/informazione365.net\/wp-content\/uploads\/2025\/11\/programma-unicoop.jpg 490w, https:\/\/informazione365.net\/wp-content\/uploads\/2025\/11\/programma-unicoop-211x300.jpg 211w\" sizes=\"auto, (max-width: 490px) 100vw, 490px\" \/><\/figure>\n","protected":false},"excerpt":{"rendered":"<p>Il prossimo 1 Dicembre 2025, al CNEL di Roma, nella Plenaria Marco Biagi, si terr\u00e0 il convegno \u201cIl lavoro nella cooperazione sociale e nell\u2019assistenza alla persona\u201d organizzato da Unicoop Lazio grazie al contributo della Regione Lazio nel quale le cooperative incontreranno l\u2019assessore regionale alle Politiche Sociali e Inclusione Massimiliano Maselli per confrontarsi sul ruolo essenziale &hellip;<\/p>\n","protected":false},"author":1,"featured_media":5146,"comment_status":"closed","ping_status":"closed","sticky":false,"template":"","format":"standard","meta":{"footnotes":""},"categories":[1377,3,2,388,750,5,29],"tags":[2300,1907,647,2171,2302,2301,1206,458,17,710,1961,1960],"class_list":["post-5144","post","type-post","status-publish","format-standard","has-post-thumbnail","hentry","category-ambiente","category-attualita","category-cronaca","category-curiosita","category-economia","category-politica","category-sanita","tag-cnel","tag-durigon","tag-lavoro","tag-lorenzo-stura","tag-luciano-ciocchetti","tag-massimiliano-maselli","tag-politiche-sociali","tag-regione-lazio","tag-roma","tag-unicoop","tag-unicoop-informa","tag-unicoop-lazio"],"_links":{"self":[{"href":"https:\/\/informazione365.net\/index.php\/wp-json\/wp\/v2\/posts\/5144","targetHints":{"allow":["GET"]}}],"collection":[{"href":"https:\/\/informazione365.net\/index.php\/wp-json\/wp\/v2\/posts"}],"about":[{"href":"https:\/\/informazione365.net\/index.php\/wp-json\/wp\/v2\/types\/post"}],"author":[{"embeddable":true,"href":"https:\/\/informazione365.net\/index.php\/wp-json\/wp\/v2\/users\/1"}],"replies":[{"embeddable":true,"href":"https:\/\/informazione365.net\/index.php\/wp-json\/wp\/v2\/comments?post=5144"}],"version-history":[{"count":1,"href":"https:\/\/informazione365.net\/index.php\/wp-json\/wp\/v2\/posts\/5144\/revisions"}],"predecessor-version":[{"id":5148,"href":"https:\/\/informazione365.net\/index.php\/wp-json\/wp\/v2\/posts\/5144\/revisions\/5148"}],"wp:featuredmedia":[{"embeddable":true,"href":"https:\/\/informazione365.net\/index.php\/wp-json\/wp\/v2\/media\/5146"}],"wp:attachment":[{"href":"https:\/\/informazione365.net\/index.php\/wp-json\/wp\/v2\/media?parent=5144"}],"wp:term":[{"taxonomy":"category","embeddable":true,"href":"https:\/\/informazione365.net\/index.php\/wp-json\/wp\/v2\/categories?post=5144"},{"taxonomy":"post_tag","embeddable":true,"href":"https:\/\/informazione365.net\/index.php\/wp-json\/wp\/v2\/tags?post=5144"}],"curies":[{"name":"wp","href":"https:\/\/api.w.org\/{rel}","templated":true}]}}