{"id":5080,"date":"2025-11-10T17:20:07","date_gmt":"2025-11-10T17:20:07","guid":{"rendered":"https:\/\/informazione365.net\/?p=5080"},"modified":"2025-11-10T17:20:08","modified_gmt":"2025-11-10T17:20:08","slug":"ariccia-ieri-la-cerimonia-per-il-giorno-dellunita-nazionale-e-la-giornata-delle-forze-armate","status":"publish","type":"post","link":"https:\/\/informazione365.net\/index.php\/2025\/11\/10\/ariccia-ieri-la-cerimonia-per-il-giorno-dellunita-nazionale-e-la-giornata-delle-forze-armate\/","title":{"rendered":"Ariccia, ieri la cerimonia per il Giorno dell\u2019Unit\u00e0 Nazionale e la Giornata delle Forze Armate"},"content":{"rendered":"\n<p>Domenica 9 novembre si \u00e8 svolta ad Ariccia la tradizionale cerimonia commemorativa del 4 novembre \u2013 Giorno dell\u2019Unit\u00e0 Nazionale e Giornata delle Forze Armate, organizzata dall\u2019Amministrazione Comunale.<br><br>La manifestazione si \u00e8 svolta con la partecipazione delle autorit\u00e0 civili e militari, delle associazioni del territorio e della Banda Musicale della Citt\u00e0 di Ariccia. Dopo il ritrovo davanti alla sede comunale, il corteo ha raggiunto il Monumento ai Caduti per la deposizione della corona d\u2019alloro, seguita dagli interventi istituzionali e dalla benedizione.<br><br>A conclusione della cerimonia si \u00e8 tenuta la celebrazione della Santa Messa presso la Collegiata di Santa Maria Assunta in Cielo, officiata dal parroco di Ariccia Centro don Antonio Salimbeni.<br><br>Erano presenti alla commemorazione l\u2019Assessore Maurizio Ghignati e le Consigliere Comunali Anna Lory Di Felice, Alessandra Isopo e Giorgia La Leggia. Hanno preso parte alla cerimonia anche il comandante dei Carabinieri, luogotenente Valentino Barbetta, la Polizia Locale e la Protezione Civile Comunale.<br>Tra i partecipanti anche l\u2019Associazione Regionale del Lazio Vigili Urbani in Pensione V.U.P. \u2013 Sezione Castelli Romani, la Confraternita Misericordia di Ariccia e l&#8217;Associazione Bersaglieri di Albano Laziale .<br><br>\u00ab\u00c8 nostro dovere ricordare chi ha sacrificato la propria vita per i valori fondanti della Repubblica \u2013 ha dichiarato l\u2019Assessore Maurizio Ghignati \u2013. Insieme abbiamo reso omaggio a chi ha servito la Patria, con un momento di profondo rispetto e unit\u00e0. Ringrazio tutte le autorit\u00e0 e le associazioni presenti\u00bb.<\/p>\n","protected":false},"excerpt":{"rendered":"<p>Domenica 9 novembre si \u00e8 svolta ad Ariccia la tradizionale cerimonia commemorativa del 4 novembre \u2013 Giorno dell\u2019Unit\u00e0 Nazionale e Giornata delle Forze Armate, organizzata dall\u2019Amministrazione Comunale.La manifestazione si \u00e8 svolta con la partecipazione delle autorit\u00e0 civili e militari, delle associazioni del territorio e della Banda Musicale della Citt\u00e0 di Ariccia. Dopo il ritrovo davanti &hellip;<\/p>\n","protected":false},"author":1,"featured_media":5081,"comment_status":"closed","ping_status":"closed","sticky":false,"template":"","format":"standard","meta":{"footnotes":""},"categories":[1],"tags":[980,2256,2254,2255,2252],"class_list":["post-5080","post","type-post","status-publish","format-standard","has-post-thumbnail","hentry","category-uncategorized","tag-ariccia","tag-ass-maurizio-ghignati","tag-banda-musicale-di-ariccia","tag-don-antonio-salimbeni","tag-forze-armate"],"_links":{"self":[{"href":"https:\/\/informazione365.net\/index.php\/wp-json\/wp\/v2\/posts\/5080","targetHints":{"allow":["GET"]}}],"collection":[{"href":"https:\/\/informazione365.net\/index.php\/wp-json\/wp\/v2\/posts"}],"about":[{"href":"https:\/\/informazione365.net\/index.php\/wp-json\/wp\/v2\/types\/post"}],"author":[{"embeddable":true,"href":"https:\/\/informazione365.net\/index.php\/wp-json\/wp\/v2\/users\/1"}],"replies":[{"embeddable":true,"href":"https:\/\/informazione365.net\/index.php\/wp-json\/wp\/v2\/comments?post=5080"}],"version-history":[{"count":1,"href":"https:\/\/informazione365.net\/index.php\/wp-json\/wp\/v2\/posts\/5080\/revisions"}],"predecessor-version":[{"id":5082,"href":"https:\/\/informazione365.net\/index.php\/wp-json\/wp\/v2\/posts\/5080\/revisions\/5082"}],"wp:featuredmedia":[{"embeddable":true,"href":"https:\/\/informazione365.net\/index.php\/wp-json\/wp\/v2\/media\/5081"}],"wp:attachment":[{"href":"https:\/\/informazione365.net\/index.php\/wp-json\/wp\/v2\/media?parent=5080"}],"wp:term":[{"taxonomy":"category","embeddable":true,"href":"https:\/\/informazione365.net\/index.php\/wp-json\/wp\/v2\/categories?post=5080"},{"taxonomy":"post_tag","embeddable":true,"href":"https:\/\/informazione365.net\/index.php\/wp-json\/wp\/v2\/tags?post=5080"}],"curies":[{"name":"wp","href":"https:\/\/api.w.org\/{rel}","templated":true}]}}