{"id":5014,"date":"2025-10-17T13:11:14","date_gmt":"2025-10-17T13:11:14","guid":{"rendered":"https:\/\/informazione365.net\/?p=5014"},"modified":"2025-10-17T13:11:15","modified_gmt":"2025-10-17T13:11:15","slug":"smart-life-festival-modena-wind-tre-promuove-innovazione-e-responsabilita-digitale","status":"publish","type":"post","link":"https:\/\/informazione365.net\/index.php\/2025\/10\/17\/smart-life-festival-modena-wind-tre-promuove-innovazione-e-responsabilita-digitale\/","title":{"rendered":"SMART LIFE FESTIVAL MODENA &#8211; Wind Tre promuove innovazione e responsabilit\u00e0 digitale"},"content":{"rendered":"\n<p>Dal 16 al 19 ottobre \u00e8 in corso a Modena la decima edizione dello Smart Life Festival, l\u2019appuntamento annuale dal titolo \u201cNon c\u2019\u00e8 pi\u00f9 Internet? Nuove connessioni per l\u2019umanit\u00e0 digitale\u201d, dedicato alla cultura e all\u2019innovazione per riflettere sulla profonda trasformazione del web e sulle nuove modalit\u00e0 di relazione e per promuovere un futuro digitale pi\u00f9 etico, consapevole e inclusivo.<\/p>\n\n\n\n<p>Wind Tre&nbsp;\u00e8 presente in due diversi momenti di approfondimento organizzati dalla Fondazione Italia Digitale, in collaborazione con Smart Life Festival,&nbsp;con la partecipazione di Roberto Basso, Direttore Relazioni Esterne e Sostenibilit\u00e0 dell\u2019azienda, che interviene alla tavola rotonda \u201cCanali digitali e nuove reti per lo sviluppo professionale, del territorio e della PA\u201d, un confronto sulle opportunit\u00e0 offerte dalle tecnologie digitali nella crescita delle comunit\u00e0 e delle istituzioni.<\/p>\n\n\n\n<figure class=\"wp-block-image size-large\"><img loading=\"lazy\" decoding=\"async\" width=\"766\" height=\"1024\" src=\"https:\/\/informazione365.net\/wp-content\/uploads\/2025\/10\/w3-766x1024.jpg\" alt=\"\" class=\"wp-image-5015\" srcset=\"https:\/\/informazione365.net\/wp-content\/uploads\/2025\/10\/w3-766x1024.jpg 766w, https:\/\/informazione365.net\/wp-content\/uploads\/2025\/10\/w3-224x300.jpg 224w, https:\/\/informazione365.net\/wp-content\/uploads\/2025\/10\/w3-768x1027.jpg 768w, https:\/\/informazione365.net\/wp-content\/uploads\/2025\/10\/w3-1149x1536.jpg 1149w, https:\/\/informazione365.net\/wp-content\/uploads\/2025\/10\/w3.jpg 1532w\" sizes=\"auto, (max-width: 766px) 100vw, 766px\" \/><\/figure>\n\n\n\n<p>\u201c<em>Crediamo che un\u2019azienda non possa prosperare in una societ\u00e0 che non sta bene e siamo convinti che sia molto importante coinvolgere i giovani nei processi di innovazione<\/em>, dichiara Roberto Basso, Direttore Relazioni Esterne e Sostenibilit\u00e0 di Wind Tre.&nbsp;<em>In un contesto in cui le competenze digitali in Italia non sono ancora diffuse in modo uniforme, iniziative come lo Smart Life Festival rappresentano un passo concreto per disseminare la conoscenza necessaria a realizzare la trasformazione digitale. In questa direzione vanno diverse iniziative di Wind Tre, da&nbsp;<\/em><em>NeoConnessi<\/em><em>, che promuove un uso consapevole e responsabile della tecnologia tra i pi\u00f9 giovani, a Borghi Connessi, che aiuta le amministrazioni delle aree interne a costruire percorsi di sviluppo locale aiutati dalle tecnologie digitali\u201d.<\/em><\/p>\n\n\n\n<p>Il secondo appuntamento, \u201cMind the Gap: educazione critica ai social tra opportunit\u00e0, rischi e responsabilit\u00e0\u201d, si tiene presso il Liceo Classico e Linguistico L.A. Muratori ed \u00e8 dedicato alla formazione digitale delle nuove generazioni. In questo contesto, Wind Tre presenta due progetti: \u2018NeoConnessi\u2019, un programma educativo che esplora le opportunit\u00e0 e i rischi del web, promuovendo una responsabilit\u00e0 digitale diffusa a partire dai pi\u00f9 giovani e \u2018Borghi Connessi\u2019, un\u2019iniziativa volta a favorire la digitalizzazione e la cultura digitale nei piccoli centri italiani, con l\u2019obiettivo di incentivarne il ripopolamento e il rilancio economico.\u00a0 Per maggiori informazioni \u00e8 possibile visitare la sezione \u201cSustainability\u201d sul nuovo sito Wind Tre Group (<a href=\"http:\/\/www.windtre.it\/windtregroup\" target=\"_blank\" rel=\"noreferrer noopener\">www.windtre.it\/windtregroup<\/a>)<\/p>\n","protected":false},"excerpt":{"rendered":"<p>Dal 16 al 19 ottobre \u00e8 in corso a Modena la decima edizione dello Smart Life Festival, l\u2019appuntamento annuale dal titolo \u201cNon c\u2019\u00e8 pi\u00f9 Internet? Nuove connessioni per l\u2019umanit\u00e0 digitale\u201d, dedicato alla cultura e all\u2019innovazione per riflettere sulla profonda trasformazione del web e sulle nuove modalit\u00e0 di relazione e per promuovere un futuro digitale pi\u00f9 &hellip;<\/p>\n","protected":false},"author":1,"featured_media":5015,"comment_status":"closed","ping_status":"closed","sticky":false,"template":"","format":"standard","meta":{"footnotes":""},"categories":[1377,3,388,28],"tags":[1249,1007,1111,492,875,2180,1479,1623,2179],"class_list":["post-5014","post","type-post","status-publish","format-standard","has-post-thumbnail","hentry","category-ambiente","category-attualita","category-curiosita","category-promo","tag-digitale","tag-festival","tag-innovazione","tag-italia","tag-italy","tag-modena","tag-responsabilita","tag-smart","tag-wind-3"],"_links":{"self":[{"href":"https:\/\/informazione365.net\/index.php\/wp-json\/wp\/v2\/posts\/5014","targetHints":{"allow":["GET"]}}],"collection":[{"href":"https:\/\/informazione365.net\/index.php\/wp-json\/wp\/v2\/posts"}],"about":[{"href":"https:\/\/informazione365.net\/index.php\/wp-json\/wp\/v2\/types\/post"}],"author":[{"embeddable":true,"href":"https:\/\/informazione365.net\/index.php\/wp-json\/wp\/v2\/users\/1"}],"replies":[{"embeddable":true,"href":"https:\/\/informazione365.net\/index.php\/wp-json\/wp\/v2\/comments?post=5014"}],"version-history":[{"count":1,"href":"https:\/\/informazione365.net\/index.php\/wp-json\/wp\/v2\/posts\/5014\/revisions"}],"predecessor-version":[{"id":5016,"href":"https:\/\/informazione365.net\/index.php\/wp-json\/wp\/v2\/posts\/5014\/revisions\/5016"}],"wp:featuredmedia":[{"embeddable":true,"href":"https:\/\/informazione365.net\/index.php\/wp-json\/wp\/v2\/media\/5015"}],"wp:attachment":[{"href":"https:\/\/informazione365.net\/index.php\/wp-json\/wp\/v2\/media?parent=5014"}],"wp:term":[{"taxonomy":"category","embeddable":true,"href":"https:\/\/informazione365.net\/index.php\/wp-json\/wp\/v2\/categories?post=5014"},{"taxonomy":"post_tag","embeddable":true,"href":"https:\/\/informazione365.net\/index.php\/wp-json\/wp\/v2\/tags?post=5014"}],"curies":[{"name":"wp","href":"https:\/\/api.w.org\/{rel}","templated":true}]}}