{"id":4996,"date":"2025-10-14T11:22:38","date_gmt":"2025-10-14T11:22:38","guid":{"rendered":"https:\/\/informazione365.net\/?p=4996"},"modified":"2025-10-14T11:22:39","modified_gmt":"2025-10-14T11:22:39","slug":"legge-caregiver-nel-lazio-un-anno-dopo","status":"publish","type":"post","link":"https:\/\/informazione365.net\/index.php\/2025\/10\/14\/legge-caregiver-nel-lazio-un-anno-dopo\/","title":{"rendered":"LEGGE CAREGIVER NEL LAZIO, UN ANNO DOPO"},"content":{"rendered":"\n<p>Stura (Unicoop): \u201cAttivato un corso di formazione specifico\u201d<\/p>\n\n\n\n<p>All\u2019ASP istituto Romano di San Michele a Roma si \u00e8 tenuta sabato 11 ottobre scorso la 2a edizione della giornata regionale del Caregiver; molta attenzione e\u2019 stata dedicata ai giovani caregiver, chiamati spesso a far convivere studio, cura e aspirazioni personali sul futuro. Il presidente Unicoop Lazio, Lorenzo Stura ha espresso soddisfazione per il lavoro svolto dall&#8217;Assessore Maselli, sottolineando in particolare &nbsp; la riattivazione della legge sulla cooperazione sociale, la legge 18, che \u00e8 stata, oltre che rivitalizzata e modernizzata, anche rifinanziata. Sottolineata inoltre l\u2019importanza della Legge 5 sul riconoscimento della figura del caregiver. In quest&#8217;ambito il presidente ha evidenziato &nbsp;il ruolo delle cooperative sociali nell\u2019ambito della rete, prevista dalla normativa sui caregiver, che rappresenta un passo importante nelle politiche di integrazione socio-sanitaria. La visione di rete permetter\u00e0 di raggiungere prima gli obbiettivi indivuati dalla legge.<\/p>\n\n\n\n<figure class=\"wp-block-gallery has-nested-images columns-default is-cropped wp-block-gallery-1 is-layout-flex wp-block-gallery-is-layout-flex\">\n<figure class=\"wp-block-image size-large\"><img loading=\"lazy\" decoding=\"async\" width=\"768\" height=\"1024\" data-id=\"4999\" src=\"https:\/\/informazione365.net\/wp-content\/uploads\/2025\/10\/UNIAMO12-768x1024.jpg\" alt=\"\" class=\"wp-image-4999\" srcset=\"https:\/\/informazione365.net\/wp-content\/uploads\/2025\/10\/UNIAMO12-768x1024.jpg 768w, https:\/\/informazione365.net\/wp-content\/uploads\/2025\/10\/UNIAMO12-225x300.jpg 225w, https:\/\/informazione365.net\/wp-content\/uploads\/2025\/10\/UNIAMO12-1152x1536.jpg 1152w, https:\/\/informazione365.net\/wp-content\/uploads\/2025\/10\/UNIAMO12.jpg 1200w\" sizes=\"auto, (max-width: 768px) 100vw, 768px\" \/><\/figure>\n\n\n\n<figure class=\"wp-block-image size-large\"><img loading=\"lazy\" decoding=\"async\" width=\"1024\" height=\"768\" data-id=\"4998\" src=\"https:\/\/informazione365.net\/wp-content\/uploads\/2025\/10\/UNIAMO123-1024x768.jpg\" alt=\"\" class=\"wp-image-4998\" srcset=\"https:\/\/informazione365.net\/wp-content\/uploads\/2025\/10\/UNIAMO123-1024x768.jpg 1024w, https:\/\/informazione365.net\/wp-content\/uploads\/2025\/10\/UNIAMO123-300x225.jpg 300w, https:\/\/informazione365.net\/wp-content\/uploads\/2025\/10\/UNIAMO123-768x576.jpg 768w, https:\/\/informazione365.net\/wp-content\/uploads\/2025\/10\/UNIAMO123-1536x1152.jpg 1536w, https:\/\/informazione365.net\/wp-content\/uploads\/2025\/10\/UNIAMO123.jpg 1600w\" sizes=\"auto, (max-width: 1024px) 100vw, 1024px\" \/><\/figure>\n\n\n\n<figure class=\"wp-block-image size-large\"><img loading=\"lazy\" decoding=\"async\" width=\"730\" height=\"1024\" data-id=\"4997\" src=\"https:\/\/informazione365.net\/wp-content\/uploads\/2025\/10\/UNIAMO1234-730x1024.jpg\" alt=\"\" class=\"wp-image-4997\" srcset=\"https:\/\/informazione365.net\/wp-content\/uploads\/2025\/10\/UNIAMO1234-730x1024.jpg 730w, https:\/\/informazione365.net\/wp-content\/uploads\/2025\/10\/UNIAMO1234-214x300.jpg 214w, https:\/\/informazione365.net\/wp-content\/uploads\/2025\/10\/UNIAMO1234-768x1077.jpg 768w, https:\/\/informazione365.net\/wp-content\/uploads\/2025\/10\/UNIAMO1234-1095x1536.jpg 1095w, https:\/\/informazione365.net\/wp-content\/uploads\/2025\/10\/UNIAMO1234.jpg 1141w\" sizes=\"auto, (max-width: 730px) 100vw, 730px\" \/><\/figure>\n<\/figure>\n\n\n\n<p>\u201cUnicoop quest&#8217;anno ha voluto valorizzare questa fondamentale figura con attivit\u00e0 che mettano in comune e colleghino tre mondi che dovrebbero dialogare in quel sistema di rete: il sistema pubblico dei servizi sociosanitari, il terzo settore e le cooperative sociali e il sistema produttivo locale, che diventa parte integrante di welfare di comunit\u00e0. Da una prima analisi, &#8211; ricorda il Presidente &#8211; c&#8217;e ancora un importante numero di soggetti che necessita di ottenere un accompagnamento per essere effettivamente riconosciuti, e su questi noi ci stiamo concentrando. L\u2019individuazione di questi soggetti da&#8217; l\u2019opportunit\u00e0 di capire qual \u00e8 la loro posizione in questa filiera che si sta costruendo, oltre che a dargli una posizione garantita con diritti riconosciuti.<\/p>\n\n\n\n<p>Attraverso questa analisi, inoltre, \u00e8 possibile intraprendere un\u2019attivit\u00e0 direttamente sul territorio con le realt\u00e0 che noi rappresentiamo, ossia le cooperative sociali. Infine, sar\u00e0 necessario accompagnare i Caregiver, dare loro una formazione tecnica pi\u00f9 specifica possibile, seppure non riconosciuta, ma comunque importante, raccogliere le analisi e condividerle con le Asl e poi certificare, in seguito, anche le competenze raggiunte. Unicoop ha gi\u00e0 predisposto un corso informativo e attivato uno sportello che permetter\u00e0 di poter conoscere quali sono i percorsi di accreditamento, dalla compilazione per arrivare alla \u201ccare card\u201d, fino a tutti i riferimenti normativi che serviranno al comparto\u201d.<\/p>\n","protected":false},"excerpt":{"rendered":"<p>Stura (Unicoop): \u201cAttivato un corso di formazione specifico\u201d All\u2019ASP istituto Romano di San Michele a Roma si \u00e8 tenuta sabato 11 ottobre scorso la 2a edizione della giornata regionale del Caregiver; molta attenzione e\u2019 stata dedicata ai giovani caregiver, chiamati spesso a far convivere studio, cura e aspirazioni personali sul futuro. Il presidente Unicoop Lazio, &hellip;<\/p>\n","protected":false},"author":1,"featured_media":5000,"comment_status":"closed","ping_status":"closed","sticky":false,"template":"","format":"standard","meta":{"footnotes":""},"categories":[1377,3,2,750,29],"tags":[2170,2171,1207,458,710,1961,1960],"class_list":["post-4996","post","type-post","status-publish","format-standard","has-post-thumbnail","hentry","category-ambiente","category-attualita","category-cronaca","category-economia","category-sanita","tag-caregiver","tag-lorenzo-stura","tag-maselli","tag-regione-lazio","tag-unicoop","tag-unicoop-informa","tag-unicoop-lazio"],"_links":{"self":[{"href":"https:\/\/informazione365.net\/index.php\/wp-json\/wp\/v2\/posts\/4996","targetHints":{"allow":["GET"]}}],"collection":[{"href":"https:\/\/informazione365.net\/index.php\/wp-json\/wp\/v2\/posts"}],"about":[{"href":"https:\/\/informazione365.net\/index.php\/wp-json\/wp\/v2\/types\/post"}],"author":[{"embeddable":true,"href":"https:\/\/informazione365.net\/index.php\/wp-json\/wp\/v2\/users\/1"}],"replies":[{"embeddable":true,"href":"https:\/\/informazione365.net\/index.php\/wp-json\/wp\/v2\/comments?post=4996"}],"version-history":[{"count":1,"href":"https:\/\/informazione365.net\/index.php\/wp-json\/wp\/v2\/posts\/4996\/revisions"}],"predecessor-version":[{"id":5001,"href":"https:\/\/informazione365.net\/index.php\/wp-json\/wp\/v2\/posts\/4996\/revisions\/5001"}],"wp:featuredmedia":[{"embeddable":true,"href":"https:\/\/informazione365.net\/index.php\/wp-json\/wp\/v2\/media\/5000"}],"wp:attachment":[{"href":"https:\/\/informazione365.net\/index.php\/wp-json\/wp\/v2\/media?parent=4996"}],"wp:term":[{"taxonomy":"category","embeddable":true,"href":"https:\/\/informazione365.net\/index.php\/wp-json\/wp\/v2\/categories?post=4996"},{"taxonomy":"post_tag","embeddable":true,"href":"https:\/\/informazione365.net\/index.php\/wp-json\/wp\/v2\/tags?post=4996"}],"curies":[{"name":"wp","href":"https:\/\/api.w.org\/{rel}","templated":true}]}}