{"id":4975,"date":"2025-10-07T14:52:42","date_gmt":"2025-10-07T14:52:42","guid":{"rendered":"https:\/\/informazione365.net\/?p=4975"},"modified":"2025-10-07T14:52:43","modified_gmt":"2025-10-07T14:52:43","slug":"giornalisti-2-0-solidarieta-a-bruno-vespa-gesto-vile-contro-la-liberta-di-stampa","status":"publish","type":"post","link":"https:\/\/informazione365.net\/index.php\/2025\/10\/07\/giornalisti-2-0-solidarieta-a-bruno-vespa-gesto-vile-contro-la-liberta-di-stampa\/","title":{"rendered":"Giornalisti 2.0: \u201csolidariet\u00e0 a Bruno Vespa, gesto vile contro la libert\u00e0 di stampa\u201d"},"content":{"rendered":"\n<p><strong><br>Dopo l\u2019apparizione della scritta offensiva \u201cVespa infame\u201d in un ascensore della sede Rai di via Teulada, l\u2019associazione dei giornalisti condanna l\u2019episodio e chiede piena chiarezza sull\u2019accaduto.<\/strong><br><\/p>\n\n\n\n<p>L\u2019Associazione \u201cGiornalisti 2.0\u201d esprime la propria solidariet\u00e0 e vicinanza al collega Bruno Vespa, in seguito al grave episodio avvenuto presso la sede Rai di via Teulada, dove una scritta offensiva nei suoi confronti \u00e8 apparsa in un ascensore dell\u2019edificio.<\/p>\n\n\n\n<p>Si tratta di un gesto intimidatorio e inaccettabile, che offende non solo la persona ma anche la libert\u00e0 e la dignit\u00e0 del lavoro giornalistico.<br>Ogni forma di linguaggio d\u2019odio o di violenza, verbale o simbolica, rappresenta una minaccia per l\u2019intera categoria e per il principio di pluralismo dell\u2019informazione.<\/p>\n\n\n\n<p>\u201cColpire un giornalista con l\u2019insulto o con la diffamazione \u00e8 un modo subdolo di tentare di zittire il libero pensiero,\u201d dichiara Maurizio Pizzuto, presidente dell\u2019Associazione Giornalisti 2.0.<br>\u201cLa nostra professione vive di confronto e di responsabilit\u00e0: nessuna divergenza di opinione pu\u00f2 mai giustificare atti di odio. Esprimiamo a Bruno Vespa la nostra pi\u00f9 sincera solidariet\u00e0 e l\u2019auspicio che la Rai e le autorit\u00e0 competenti facciano rapidamente chiarezza.\u201d<\/p>\n\n\n\n<figure class=\"wp-block-image size-full\"><img loading=\"lazy\" decoding=\"async\" width=\"379\" height=\"527\" src=\"https:\/\/informazione365.net\/wp-content\/uploads\/2025\/10\/IMG_5451.jpg\" alt=\"\" class=\"wp-image-4977\" srcset=\"https:\/\/informazione365.net\/wp-content\/uploads\/2025\/10\/IMG_5451.jpg 379w, https:\/\/informazione365.net\/wp-content\/uploads\/2025\/10\/IMG_5451-216x300.jpg 216w\" sizes=\"auto, (max-width: 379px) 100vw, 379px\" \/><\/figure>\n\n\n\n<p>Confidiamo che le autorit\u00e0 competenti facciano piena luce sull\u2019accaduto e individuino al pi\u00f9 presto i responsabili di questo vile atto.<\/p>\n\n\n\n<p>Rinnoviamo a Bruno Vespa la nostra stima professionale e umana, ribadendo che il confronto delle idee deve sempre avvenire nel rispetto reciproco, mai attraverso l\u2019insulto o l\u2019intimidazione.<\/p>\n","protected":false},"excerpt":{"rendered":"<p>Dopo l\u2019apparizione della scritta offensiva \u201cVespa infame\u201d in un ascensore della sede Rai di via Teulada, l\u2019associazione dei giornalisti condanna l\u2019episodio e chiede piena chiarezza sull\u2019accaduto. L\u2019Associazione \u201cGiornalisti 2.0\u201d esprime la propria solidariet\u00e0 e vicinanza al collega Bruno Vespa, in seguito al grave episodio avvenuto presso la sede Rai di via Teulada, dove una scritta &hellip;<\/p>\n","protected":false},"author":1,"featured_media":4976,"comment_status":"closed","ping_status":"closed","sticky":false,"template":"","format":"standard","meta":{"footnotes":""},"categories":[3,2],"tags":[2145,316,1407,492,1202,17,2144,2147,2146,2143],"class_list":["post-4975","post","type-post","status-publish","format-standard","has-post-thumbnail","hentry","category-attualita","category-cronaca","tag-bruno-vespa","tag-giornalista","tag-giornalisti-2-0","tag-italia","tag-rai","tag-roma","tag-solidarieta","tag-teulada","tag-vespa","tag-vile"],"_links":{"self":[{"href":"https:\/\/informazione365.net\/index.php\/wp-json\/wp\/v2\/posts\/4975","targetHints":{"allow":["GET"]}}],"collection":[{"href":"https:\/\/informazione365.net\/index.php\/wp-json\/wp\/v2\/posts"}],"about":[{"href":"https:\/\/informazione365.net\/index.php\/wp-json\/wp\/v2\/types\/post"}],"author":[{"embeddable":true,"href":"https:\/\/informazione365.net\/index.php\/wp-json\/wp\/v2\/users\/1"}],"replies":[{"embeddable":true,"href":"https:\/\/informazione365.net\/index.php\/wp-json\/wp\/v2\/comments?post=4975"}],"version-history":[{"count":1,"href":"https:\/\/informazione365.net\/index.php\/wp-json\/wp\/v2\/posts\/4975\/revisions"}],"predecessor-version":[{"id":4978,"href":"https:\/\/informazione365.net\/index.php\/wp-json\/wp\/v2\/posts\/4975\/revisions\/4978"}],"wp:featuredmedia":[{"embeddable":true,"href":"https:\/\/informazione365.net\/index.php\/wp-json\/wp\/v2\/media\/4976"}],"wp:attachment":[{"href":"https:\/\/informazione365.net\/index.php\/wp-json\/wp\/v2\/media?parent=4975"}],"wp:term":[{"taxonomy":"category","embeddable":true,"href":"https:\/\/informazione365.net\/index.php\/wp-json\/wp\/v2\/categories?post=4975"},{"taxonomy":"post_tag","embeddable":true,"href":"https:\/\/informazione365.net\/index.php\/wp-json\/wp\/v2\/tags?post=4975"}],"curies":[{"name":"wp","href":"https:\/\/api.w.org\/{rel}","templated":true}]}}