{"id":4893,"date":"2025-09-03T15:40:18","date_gmt":"2025-09-03T15:40:18","guid":{"rendered":"https:\/\/informazione365.net\/?p=4893"},"modified":"2025-09-03T15:40:18","modified_gmt":"2025-09-03T15:40:18","slug":"lanuvio-domenica-7-settembre-a-villa-sforza-civita-talent-e-rap-per-una-notte-con-lospite-speciale-vybes","status":"publish","type":"post","link":"https:\/\/informazione365.net\/index.php\/2025\/09\/03\/lanuvio-domenica-7-settembre-a-villa-sforza-civita-talent-e-rap-per-una-notte-con-lospite-speciale-vybes\/","title":{"rendered":"Lanuvio, domenica 7 settembre a Villa Sforza: \u201cCivita Talent\u201d e \u201cRap per una notte\u201d con l\u2019ospite speciale Vybes."},"content":{"rendered":"\n<p>Musica, intrattenimento e convivialit\u00e0. Domenica 7 settembre, il Comune di Lanuvio ospiter\u00e0 una serata dedicata alla creativit\u00e0 e alla scena urban giovanile, nello scenario suggestivo di Villa Sforza.<\/p>\n\n\n\n<p>Dalle ore 19.00 prender\u00e0 il via Civita Talent, lo spettacolo che vedr\u00e0 protagonisti giovani artisti locali pronti a esibirsi in performance di canto, danza, musica e altre discipline artistiche. Un momento di espressione e valorizzazione del talento, aperto a tutti i ragazzi del territorio.<\/p>\n\n\n\n<p>A seguire, spazio a Rap per una notte, con esibizioni dal vivo dei nuovi volti del rap e del freestyle, in una serata che dar\u00e0 voce alla creativit\u00e0 urbana.<\/p>\n\n\n\n<p>Ospite d\u2019onore sar\u00e0 Vybes, giovane artista romano conosciuto per la sua partecipazione al programma &#8220;Amici di Maria Filippi &nbsp;2024\/25&#8221;, che porter\u00e0 sul palco la sua musica e il suo entusiasmo, affiancando i talenti emergenti.<\/p>\n\n\n\n<p>Durante l\u2019evento non mancheranno DJ set, area food &amp; drink e momenti di socialit\u00e0, per un\u2019esperienza coinvolgente rivolta a tutta la comunit\u00e0.<\/p>\n\n\n\n<p>&nbsp;\u201cInvitiamo tutti i giovani artisti di Lanuvio e dei Castelli Romani a partecipare al Civita Talent: \u00e8 un\u2019occasione per mettersi in gioco, condividere la propria passione e vivere una serata speciale all\u2019insegna dell\u2019arte e dell\u2019amicizia\u201d \u2013 dichiarano il Vicesindaco Valeria Viglietti e il Presidente di Innova Aps Lorenzo Galuppo.<\/p>\n\n\n\n<figure class=\"wp-block-image size-large\"><img loading=\"lazy\" decoding=\"async\" width=\"724\" height=\"1024\" src=\"https:\/\/informazione365.net\/wp-content\/uploads\/2025\/09\/LA1-724x1024.jpg\" alt=\"\" class=\"wp-image-4894\" srcset=\"https:\/\/informazione365.net\/wp-content\/uploads\/2025\/09\/LA1-724x1024.jpg 724w, https:\/\/informazione365.net\/wp-content\/uploads\/2025\/09\/LA1-212x300.jpg 212w, https:\/\/informazione365.net\/wp-content\/uploads\/2025\/09\/LA1-768x1086.jpg 768w, https:\/\/informazione365.net\/wp-content\/uploads\/2025\/09\/LA1-1086x1536.jpg 1086w, https:\/\/informazione365.net\/wp-content\/uploads\/2025\/09\/LA1.jpg 1131w\" sizes=\"auto, (max-width: 724px) 100vw, 724px\" \/><\/figure>\n\n\n\n<p>Ricordiamo che per partecipare al contest \u00e8 necessario iscriversi, entro venerd\u00ec 5 settembre, compilando il modulo online al seguente link: &nbsp;<\/p>\n\n\n\n<figure class=\"wp-block-embed\"><div class=\"wp-block-embed__wrapper\">\nhttps:\/\/forms.gle\/IscrizioneCivitaTalent\n<\/div><\/figure>\n\n\n\n<p>Ingresso gratuito.<\/p>\n","protected":false},"excerpt":{"rendered":"<p>Musica, intrattenimento e convivialit\u00e0. Domenica 7 settembre, il Comune di Lanuvio ospiter\u00e0 una serata dedicata alla creativit\u00e0 e alla scena urban giovanile, nello scenario suggestivo di Villa Sforza. Dalle ore 19.00 prender\u00e0 il via Civita Talent, lo spettacolo che vedr\u00e0 protagonisti giovani artisti locali pronti a esibirsi in performance di canto, danza, musica e altre &hellip;<\/p>\n","protected":false},"author":1,"featured_media":4894,"comment_status":"closed","ping_status":"closed","sticky":false,"template":"","format":"standard","meta":{"footnotes":""},"categories":[3,388],"tags":[1008,549,492,984,458,17,2082,1442],"class_list":["post-4893","post","type-post","status-publish","format-standard","has-post-thumbnail","hentry","category-attualita","category-curiosita","tag-castelli","tag-comune","tag-italia","tag-lanuvio","tag-regione-lazio","tag-roma","tag-sforza","tag-villa"],"_links":{"self":[{"href":"https:\/\/informazione365.net\/index.php\/wp-json\/wp\/v2\/posts\/4893","targetHints":{"allow":["GET"]}}],"collection":[{"href":"https:\/\/informazione365.net\/index.php\/wp-json\/wp\/v2\/posts"}],"about":[{"href":"https:\/\/informazione365.net\/index.php\/wp-json\/wp\/v2\/types\/post"}],"author":[{"embeddable":true,"href":"https:\/\/informazione365.net\/index.php\/wp-json\/wp\/v2\/users\/1"}],"replies":[{"embeddable":true,"href":"https:\/\/informazione365.net\/index.php\/wp-json\/wp\/v2\/comments?post=4893"}],"version-history":[{"count":1,"href":"https:\/\/informazione365.net\/index.php\/wp-json\/wp\/v2\/posts\/4893\/revisions"}],"predecessor-version":[{"id":4895,"href":"https:\/\/informazione365.net\/index.php\/wp-json\/wp\/v2\/posts\/4893\/revisions\/4895"}],"wp:featuredmedia":[{"embeddable":true,"href":"https:\/\/informazione365.net\/index.php\/wp-json\/wp\/v2\/media\/4894"}],"wp:attachment":[{"href":"https:\/\/informazione365.net\/index.php\/wp-json\/wp\/v2\/media?parent=4893"}],"wp:term":[{"taxonomy":"category","embeddable":true,"href":"https:\/\/informazione365.net\/index.php\/wp-json\/wp\/v2\/categories?post=4893"},{"taxonomy":"post_tag","embeddable":true,"href":"https:\/\/informazione365.net\/index.php\/wp-json\/wp\/v2\/tags?post=4893"}],"curies":[{"name":"wp","href":"https:\/\/api.w.org\/{rel}","templated":true}]}}