{"id":4844,"date":"2025-08-20T11:14:52","date_gmt":"2025-08-20T11:14:52","guid":{"rendered":"https:\/\/informazione365.net\/?p=4844"},"modified":"2025-08-20T11:14:53","modified_gmt":"2025-08-20T11:14:53","slug":"pensioni-folgori-feoli-sistema-non-tiene-piu","status":"publish","type":"post","link":"https:\/\/informazione365.net\/index.php\/2025\/08\/20\/pensioni-folgori-feoli-sistema-non-tiene-piu\/","title":{"rendered":"PENSIONI, FOLGORI (FEOLI): &#8220;SISTEMA NON TIENE PI\u00d9&#8221;"},"content":{"rendered":"\n<p><strong>&#8220;&#8230;SI RAGIONI SU VERA INTEGRAZIONE PUBBLICO-PRIVATO COINVOLGENDO LE AZIENDE&#8221;<\/strong><\/p>\n\n\n\n<p>\u201cLe prime indiscrezioni sulla prossima manovra economica riferiscono del congelamento dei tre mesi di rinvio dell\u2019et\u00e0 pensionabile che dovrebbero scattare dal 2027. Una manovra che, senza i necessari adeguamenti, comporterebbe un taglio delle pensioni del 9%. Una mazzata per chi si congeder\u00e0 dal mondo del lavoro. A fare i conti \u00e8 la Ragioneria dello Stato, dunque c\u2019\u00e8 da dare estremo credito a questa ipotesi. E\u2019 di tutta evidenza che sul medio e soprattutto sul lungo periodo il sistema pensionistico non tiene pi\u00f9. Cambiano le forme di impiego, aumentano le forme di lavoro autonomo, aumentano i pensionati e diminuiscono gli occupati semplicemente perch\u00e9 in Italia si nasce di meno e si invecchia di pi\u00f9. La soluzione sarebbe quella di fare pi\u00f9 figli e l\u2019auspicio \u00e8 che il governo lavori a un piano per la natalit\u00e0 che garantisca veri sostegni alle famiglie. Se ci\u00f2 avverr\u00e0 vedremo i risultati tre venti-trent\u2019anni. Nel frattempo dobbiamo ripensare il sistema assistenziale e previdenziale, perch\u00e9 il pubblico da solo non ce la fa pi\u00f9. I costi per sanit\u00e0 e pensioni sono divenuti insostenibili e l\u2019integrazione con il privato (assicurazioni sanitarie e pensioni complementari) non ha prodotto risultati apprezzabili. Almeno non con queste percentuali. Il privato deve fare di pi\u00f9 e per farlo \u00e8 necessario coinvolgere maggiormente i datori di lavoro nel welfare. Le aziende devono essere messe in condizioni di provvedere all\u2019assistenza sanitaria privata e alla copertura pensionistica dei propri dipendenti attraverso la detassazione delle spese sostenute per il welfare dei lavoratori. L\u2019incentivazione di forme pensionistiche e assistenziali totalmente private a carico delle aziende &#8211; in accordo naturalmente con i sindacati, le associazioni di categoria, gli ordini professionali &#8211; \u00a0consentirebbe di alleggerire i costi a carico dello Stato e garantire ai cittadini servizi migliori, salvaguardando la tenuta dei conti pubblici\u201d. Lo dichiara Enrico Folgori, presidente di FEOLI (Federazione Europea Operatori della Logistica Integrata).<\/p>\n\n\n\n<p><\/p>\n\n\n\n<figure class=\"wp-block-image size-large\"><img loading=\"lazy\" decoding=\"async\" width=\"768\" height=\"1024\" src=\"https:\/\/informazione365.net\/wp-content\/uploads\/2025\/06\/feoli3-768x1024.jpg\" alt=\"\" class=\"wp-image-4665\" srcset=\"https:\/\/informazione365.net\/wp-content\/uploads\/2025\/06\/feoli3-768x1024.jpg 768w, https:\/\/informazione365.net\/wp-content\/uploads\/2025\/06\/feoli3-225x300.jpg 225w, https:\/\/informazione365.net\/wp-content\/uploads\/2025\/06\/feoli3-1152x1536.jpg 1152w, https:\/\/informazione365.net\/wp-content\/uploads\/2025\/06\/feoli3.jpg 1200w\" sizes=\"auto, (max-width: 768px) 100vw, 768px\" \/><\/figure>\n","protected":false},"excerpt":{"rendered":"<p>&#8220;&#8230;SI RAGIONI SU VERA INTEGRAZIONE PUBBLICO-PRIVATO COINVOLGENDO LE AZIENDE&#8221; \u201cLe prime indiscrezioni sulla prossima manovra economica riferiscono del congelamento dei tre mesi di rinvio dell\u2019et\u00e0 pensionabile che dovrebbero scattare dal 2027. Una manovra che, senza i necessari adeguamenti, comporterebbe un taglio delle pensioni del 9%. Una mazzata per chi si congeder\u00e0 dal mondo del lavoro. &hellip;<\/p>\n","protected":false},"author":1,"featured_media":0,"comment_status":"closed","ping_status":"closed","sticky":false,"template":"","format":"standard","meta":{"footnotes":""},"categories":[3,2,750],"tags":[2040,751,924,926,1073,1089,2042,2043],"class_list":["post-4844","post","type-post","status-publish","format-standard","hentry","category-attualita","category-cronaca","category-economia","tag-aziende","tag-economia","tag-feoli","tag-folgori","tag-manovra","tag-pensioni","tag-pubblico-privato-2","tag-sistema"],"_links":{"self":[{"href":"https:\/\/informazione365.net\/index.php\/wp-json\/wp\/v2\/posts\/4844","targetHints":{"allow":["GET"]}}],"collection":[{"href":"https:\/\/informazione365.net\/index.php\/wp-json\/wp\/v2\/posts"}],"about":[{"href":"https:\/\/informazione365.net\/index.php\/wp-json\/wp\/v2\/types\/post"}],"author":[{"embeddable":true,"href":"https:\/\/informazione365.net\/index.php\/wp-json\/wp\/v2\/users\/1"}],"replies":[{"embeddable":true,"href":"https:\/\/informazione365.net\/index.php\/wp-json\/wp\/v2\/comments?post=4844"}],"version-history":[{"count":1,"href":"https:\/\/informazione365.net\/index.php\/wp-json\/wp\/v2\/posts\/4844\/revisions"}],"predecessor-version":[{"id":4845,"href":"https:\/\/informazione365.net\/index.php\/wp-json\/wp\/v2\/posts\/4844\/revisions\/4845"}],"wp:attachment":[{"href":"https:\/\/informazione365.net\/index.php\/wp-json\/wp\/v2\/media?parent=4844"}],"wp:term":[{"taxonomy":"category","embeddable":true,"href":"https:\/\/informazione365.net\/index.php\/wp-json\/wp\/v2\/categories?post=4844"},{"taxonomy":"post_tag","embeddable":true,"href":"https:\/\/informazione365.net\/index.php\/wp-json\/wp\/v2\/tags?post=4844"}],"curies":[{"name":"wp","href":"https:\/\/api.w.org\/{rel}","templated":true}]}}