{"id":4737,"date":"2025-07-16T09:52:08","date_gmt":"2025-07-16T09:52:08","guid":{"rendered":"https:\/\/informazione365.net\/?p=4737"},"modified":"2025-07-16T09:52:08","modified_gmt":"2025-07-16T09:52:08","slug":"lanuvio-oltre-40-produttori-da-tutta-la-regione-lazio-alla-i-edizione-di-le-notti-del-vino","status":"publish","type":"post","link":"https:\/\/informazione365.net\/index.php\/2025\/07\/16\/lanuvio-oltre-40-produttori-da-tutta-la-regione-lazio-alla-i-edizione-di-le-notti-del-vino\/","title":{"rendered":"Lanuvio, oltre 40 produttori da tutta la Regione Lazio alla I edizione di \u201cLe Notti del Vino\u201d"},"content":{"rendered":"\n<p>Appuntamento venerd\u00ec 25 e sabato 26 luglio 2025 presso la Dimora Storica di Villa Sforza Cesarini<\/p>\n\n\n\n<p>Due serate dedicate al gusto, alla cultura e alla valorizzazione delle eccellenze del territorio. Venerd\u00ec 25 e sabato 26 luglio 2025, nella splendida cornice della Dimora Storica di Villa Sforza Cesarini, arriva a Lanuvio la prima edizione de \u201cLe Notti del Vino\u201d, con oltre 40 produttori provenienti da tutta la Regione Lazio.<\/p>\n\n\n\n<p>Banchi di assaggio, masterclass guidate, show cooking, spettacoli e proposte gastronomiche saranno i protagonisti di questo evento promosso dal Comune di Lanuvio, con il patrocinio della Regione Lazio e di Arsial, inserito nel cartellone ufficiale \u201cCastelli Romani \u2013 Citt\u00e0 del Vino 2025\u201d.<\/p>\n\n\n\n<p>Il format, ideato dall\u2019Associazione Nazionale Citt\u00e0 del Vino, rappresenta la sesta edizione complessiva dedicata alla promozione del vino e delle eccellenze enogastronomiche del territorio. La manifestazione ospiter\u00e0 vini da vitigni autoctoni, nazionali e internazionali, espressione della qualit\u00e0 e della biodiversit\u00e0 del panorama enologico laziale.<\/p>\n\n\n\n<p>Tra i momenti pi\u00f9 significativi della manifestazione, venerd\u00ec 25 luglio si terr\u00e0 il convegno \u201cVitigni autoctoni: cultura e tradizione\u201d. A seguire, si svolger\u00e0 la cerimonia di consegna degli attestati di partecipazione al Corso di Formazione AIS \u2013 Sommelier di I livello, organizzato in collaborazione con AIS Castelli Romani e conclusosi lo scorso giugno.<\/p>\n\n\n\n<p>\u00abSiamo orgogliosi \u2013 afferma il Sindaco di Lanuvio, Andrea Volpi \u2013 di ospitare un evento che racconta il nostro territorio attraverso le sue eccellenze. Le Notti del Vino sono un\u2019occasione per far conoscere la qualit\u00e0 dei nostri produttori, valorizzare Villa Sforza Cesarini e offrire ai visitatori un\u2019esperienza autentica, che unisce tradizione, cultura e convivialit\u00e0. Un ringraziamento speciale va anche a Innova Aps, la giovane associazione lanuvina che, con entusiasmo e passione, sta contribuendo attivamente all\u2019organizzazione della manifestazione.\u00bb<\/p>\n\n\n\n<p>\u00abLe Notti del Vino \u2013 dichiara il Vicesindaco Valeria Viglietti \u2013 rappresentano un\u2019esperienza che unisce gusto, cultura e crescita. Con la cerimonia degli attestati AIS, aggiungiamo anche un\u2019importante dimensione formativa per il nostro territorio.\u00bb<\/p>\n\n\n\n<p>Spettacoli gratuiti in programma:<\/p>\n\n\n\n<p>\u2022 Venerd\u00ec 25 luglio, ore 21.00 \u2013 Esibizione e lezione di tango con la scuola FLIRTANGO e Simone Di Pasquale<\/p>\n\n\n\n<p>\u2022 Sabato 26 luglio, ore 21.00 \u2013 Esibizione di musica popolare \u201cTradizione e Tradimento\u201d con il gruppo Capo d\u2019Asino Molus<\/p>\n\n\n\n<p>Le masterclass saranno guidate da esperti del settore, mentre lo show cooking vedr\u00e0 protagonisti chef della ristorazione dei Castelli Romani.<\/p>\n\n\n\n<p>I percorsi degustativi sono acquistabili in loco oppure al link:<\/p>\n\n\n\n<p>\ud83d\udc49 <a href=\"https:\/\/www.eventbrite.com\/e\/le-notti-del-vino-lanuvio-tickets-1382697287809\">https:\/\/www.eventbrite.com\/e\/le-notti-del-vino-lanuvio-tickets-1382697287809<\/a><\/p>\n","protected":false},"excerpt":{"rendered":"<p>Appuntamento venerd\u00ec 25 e sabato 26 luglio 2025 presso la Dimora Storica di Villa Sforza Cesarini Due serate dedicate al gusto, alla cultura e alla valorizzazione delle eccellenze del territorio. Venerd\u00ec 25 e sabato 26 luglio 2025, nella splendida cornice della Dimora Storica di Villa Sforza Cesarini, arriva a Lanuvio la prima edizione de \u201cLe &hellip;<\/p>\n","protected":false},"author":1,"featured_media":4738,"comment_status":"closed","ping_status":"closed","sticky":false,"template":"","format":"standard","meta":{"footnotes":""},"categories":[3,2,225],"tags":[1036,984,1946,458,764,1901],"class_list":["post-4737","post","type-post","status-publish","format-standard","has-post-thumbnail","hentry","category-attualita","category-cronaca","category-spettacolo-tv","tag-castelli-romani","tag-lanuvio","tag-notti-del-vino","tag-regione-lazio","tag-spettacoli","tag-valeria-viglietti"],"_links":{"self":[{"href":"https:\/\/informazione365.net\/index.php\/wp-json\/wp\/v2\/posts\/4737","targetHints":{"allow":["GET"]}}],"collection":[{"href":"https:\/\/informazione365.net\/index.php\/wp-json\/wp\/v2\/posts"}],"about":[{"href":"https:\/\/informazione365.net\/index.php\/wp-json\/wp\/v2\/types\/post"}],"author":[{"embeddable":true,"href":"https:\/\/informazione365.net\/index.php\/wp-json\/wp\/v2\/users\/1"}],"replies":[{"embeddable":true,"href":"https:\/\/informazione365.net\/index.php\/wp-json\/wp\/v2\/comments?post=4737"}],"version-history":[{"count":1,"href":"https:\/\/informazione365.net\/index.php\/wp-json\/wp\/v2\/posts\/4737\/revisions"}],"predecessor-version":[{"id":4739,"href":"https:\/\/informazione365.net\/index.php\/wp-json\/wp\/v2\/posts\/4737\/revisions\/4739"}],"wp:featuredmedia":[{"embeddable":true,"href":"https:\/\/informazione365.net\/index.php\/wp-json\/wp\/v2\/media\/4738"}],"wp:attachment":[{"href":"https:\/\/informazione365.net\/index.php\/wp-json\/wp\/v2\/media?parent=4737"}],"wp:term":[{"taxonomy":"category","embeddable":true,"href":"https:\/\/informazione365.net\/index.php\/wp-json\/wp\/v2\/categories?post=4737"},{"taxonomy":"post_tag","embeddable":true,"href":"https:\/\/informazione365.net\/index.php\/wp-json\/wp\/v2\/tags?post=4737"}],"curies":[{"name":"wp","href":"https:\/\/api.w.org\/{rel}","templated":true}]}}