{"id":4703,"date":"2025-07-03T19:46:36","date_gmt":"2025-07-03T19:46:36","guid":{"rendered":"https:\/\/informazione365.net\/?p=4703"},"modified":"2025-07-03T19:46:37","modified_gmt":"2025-07-03T19:46:37","slug":"marino-incontra-il-sottosegretario-durigon","status":"publish","type":"post","link":"https:\/\/informazione365.net\/index.php\/2025\/07\/03\/marino-incontra-il-sottosegretario-durigon\/","title":{"rendered":"MARINO INCONTRA IL SOTTOSEGRETARIO DURIGON"},"content":{"rendered":"\n<p>IL SINDACO CECCHI PRESENTE\u00a0CON I VERTICI ATER PROVINCIA DI ROMA E MULTISERVIZI: UN CONFRONTO SUL FUTURO DELLA CITT\u00c0<\/p>\n\n\n\n<p>Il Sindaco di Marino, Stefano Cecchi, ha incontrato il Sen. Claudio Durigon, Sottosegretario al Ministero del Lavoro e delle Politiche Sociali e Vicesegretario nazionale della Lega per Salvini Premier. Presenti all\u2019incontro anche Tony Bruognolo, Vicesegretario regionale della Lega, Massimiliano Tommasi, Amministratore Unico della Multiservizi dei Castelli di Marino S.p.A., e Remo Pisani, Direttore Generale dell\u2019ATER della Provincia di Roma.<\/p>\n\n\n\n<p>Durante l\u2019incontro si \u00e8 svolto un proficuo confronto sulle attivit\u00e0 amministrative ancora da realizzare nella seconda parte della legislatura. Particolare attenzione \u00e8 stata riservata al ruolo della Multiservizi, azienda &nbsp;che svolge importanti servizi sul territorio, e alla necessit\u00e0 di individuare soluzioni strutturali per la gestione e il recupero degli alloggi ATER presenti nel Comune di Marino.<\/p>\n\n\n\n<p>\u00ab\u00c8 stato un momento di dialogo concreto e operativo \u2013 ha dichiarato il Sindaco Stefano Cecchi \u2013 Abbiamo condiviso la volont\u00e0 di continuare a dare risposte efficaci ai cittadini, valorizzando il lavoro della nostra azienda &nbsp;locale &nbsp;e affrontando con determinazione il tema dell\u2019edilizia residenziale pubblica, che rappresenta una priorit\u00e0 per il nostro Comune. Ringrazio il Sottosegretario Durigon per la disponibilit\u00e0 e l\u2019attenzione dimostrata verso il nostro territorio\u00bb.<\/p>\n\n\n\n<figure class=\"wp-block-image size-large\"><img loading=\"lazy\" decoding=\"async\" width=\"768\" height=\"1024\" src=\"https:\/\/informazione365.net\/wp-content\/uploads\/2025\/07\/ma-768x1024.jpg\" alt=\"\" class=\"wp-image-4704\" srcset=\"https:\/\/informazione365.net\/wp-content\/uploads\/2025\/07\/ma-768x1024.jpg 768w, https:\/\/informazione365.net\/wp-content\/uploads\/2025\/07\/ma-225x300.jpg 225w, https:\/\/informazione365.net\/wp-content\/uploads\/2025\/07\/ma-1152x1536.jpg 1152w, https:\/\/informazione365.net\/wp-content\/uploads\/2025\/07\/ma.jpg 1200w\" sizes=\"auto, (max-width: 768px) 100vw, 768px\" \/><\/figure>\n","protected":false},"excerpt":{"rendered":"<p>IL SINDACO CECCHI PRESENTE\u00a0CON I VERTICI ATER PROVINCIA DI ROMA E MULTISERVIZI: UN CONFRONTO SUL FUTURO DELLA CITT\u00c0 Il Sindaco di Marino, Stefano Cecchi, ha incontrato il Sen. Claudio Durigon, Sottosegretario al Ministero del Lavoro e delle Politiche Sociali e Vicesegretario nazionale della Lega per Salvini Premier. Presenti all\u2019incontro anche Tony Bruognolo, Vicesegretario regionale della &hellip;<\/p>\n","protected":false},"author":1,"featured_media":4704,"comment_status":"closed","ping_status":"closed","sticky":false,"template":"","format":"standard","meta":{"footnotes":""},"categories":[3,388,5],"tags":[1008,1908,549,1907,1909,492,1349,17,1910],"class_list":["post-4703","post","type-post","status-publish","format-standard","has-post-thumbnail","hentry","category-attualita","category-curiosita","category-politica","tag-castelli","tag-cecchi","tag-comune","tag-durigon","tag-incontro","tag-italia","tag-marino","tag-roma","tag-sottosegretario"],"_links":{"self":[{"href":"https:\/\/informazione365.net\/index.php\/wp-json\/wp\/v2\/posts\/4703","targetHints":{"allow":["GET"]}}],"collection":[{"href":"https:\/\/informazione365.net\/index.php\/wp-json\/wp\/v2\/posts"}],"about":[{"href":"https:\/\/informazione365.net\/index.php\/wp-json\/wp\/v2\/types\/post"}],"author":[{"embeddable":true,"href":"https:\/\/informazione365.net\/index.php\/wp-json\/wp\/v2\/users\/1"}],"replies":[{"embeddable":true,"href":"https:\/\/informazione365.net\/index.php\/wp-json\/wp\/v2\/comments?post=4703"}],"version-history":[{"count":1,"href":"https:\/\/informazione365.net\/index.php\/wp-json\/wp\/v2\/posts\/4703\/revisions"}],"predecessor-version":[{"id":4705,"href":"https:\/\/informazione365.net\/index.php\/wp-json\/wp\/v2\/posts\/4703\/revisions\/4705"}],"wp:featuredmedia":[{"embeddable":true,"href":"https:\/\/informazione365.net\/index.php\/wp-json\/wp\/v2\/media\/4704"}],"wp:attachment":[{"href":"https:\/\/informazione365.net\/index.php\/wp-json\/wp\/v2\/media?parent=4703"}],"wp:term":[{"taxonomy":"category","embeddable":true,"href":"https:\/\/informazione365.net\/index.php\/wp-json\/wp\/v2\/categories?post=4703"},{"taxonomy":"post_tag","embeddable":true,"href":"https:\/\/informazione365.net\/index.php\/wp-json\/wp\/v2\/tags?post=4703"}],"curies":[{"name":"wp","href":"https:\/\/api.w.org\/{rel}","templated":true}]}}