{"id":4697,"date":"2025-07-03T08:00:10","date_gmt":"2025-07-03T08:00:10","guid":{"rendered":"https:\/\/informazione365.net\/?p=4697"},"modified":"2025-07-03T08:00:11","modified_gmt":"2025-07-03T08:00:11","slug":"lanuvio-tutto-pronto-per-il-premio-iuno-sospita-i-edizione-del-concorso-nazionale-di-danza","status":"publish","type":"post","link":"https:\/\/informazione365.net\/index.php\/2025\/07\/03\/lanuvio-tutto-pronto-per-il-premio-iuno-sospita-i-edizione-del-concorso-nazionale-di-danza\/","title":{"rendered":"LANUVIO: TUTTO PRONTO PER IL \u201cPREMIO IUNO SOSPITA\u201d\u2013 I EDIZIONE DEL CONCORSO NAZIONALE DI DANZA"},"content":{"rendered":"\n<p>Dal 3 al 5 luglio 2025, la splendida cornice di Villa Sforza Cesarini ospiter\u00e0 il &#8220;Premio Iuno Sospita&#8221;, prima edizione del concorso nazionale di danza promosso dal Comune di Lanuvio nell\u2019ambito del progetto &#8220;Villa Sforza tra mito e realt\u00e0&#8221;, con il contributo della Regione Lazio.<\/p>\n\n\n\n<p>L&#8217;iniziativa, realizzata in collaborazione con il Centro Culturale Danza diretto da Floriana Galieti, si articoler\u00e0 in tre giornate ricche di cultura, formazione e spettacolo. Un\u2019occasione per valorizzare i giovani talenti del panorama nazionale e offrire alla cittadinanza un momento di incontro tra arte e territorio.<\/p>\n\n\n\n<p>Il programma si aprir\u00e0 mercoled\u00ec 3 luglio alle ore 19:00 con le prove &nbsp;per i concorrenti (ingresso gratuito). Gioved\u00ec 4 luglio alle ore 20:30 \u00e8 prevista la presentazione del libro &#8220;Didattica della danza classico-accademica. Linee metodologiche e testo programmatico per il I, II e III corso&#8221; di Lia Calizza e Gerardo Porcelluzzi, con dialogo a cura di Floriana Galieti. A seguire, alle ore 21:00, prender\u00e0 il via il concorso vero e proprio.<\/p>\n\n\n\n<p>La serata di gala si terr\u00e0 venerd\u00ec 5 luglio alle ore 21:00, con le premiazioni dei vincitori e la partecipazione degli allievi del Centro Culturale Danza.<\/p>\n\n\n\n<p>\u201cSiamo felici di poter ospitare una manifestazione di cos\u00ec alto valore artistico e culturale \u2013 dichiara il Vicesindaco Valeria Viglietti \u2013. Il Premio Iuno Sospita rappresenta una nuova tappa nel percorso di valorizzazione del patrimonio culturale e paesaggistico della nostra citt\u00e0. Villa Sforza, ancora una volta, si conferma luogo di ispirazione e bellezza, capace di unire tradizione e innovazione. La danza, in particolare, \u00e8 un linguaggio universale che sa parlare al cuore delle persone: sar\u00e0 una grande emozione vedere giovani talenti esprimersi in questo contesto cos\u00ec suggestivo\u201d.<\/p>\n\n\n\n<p>L\u2019ingresso \u00e8 gratuito per disabili, accompagnatori e bambini sotto i 6 anni. I biglietti per 4 e il 5 luglio possono essere acquistati in loco o prenotati scrivendo a <a href=\"mailto:premioiunosospita@gmail.com\">premioiunosospita@gmail.com<\/a>.<br><\/p>\n","protected":false},"excerpt":{"rendered":"<p>Dal 3 al 5 luglio 2025, la splendida cornice di Villa Sforza Cesarini ospiter\u00e0 il &#8220;Premio Iuno Sospita&#8221;, prima edizione del concorso nazionale di danza promosso dal Comune di Lanuvio nell\u2019ambito del progetto &#8220;Villa Sforza tra mito e realt\u00e0&#8221;, con il contributo della Regione Lazio. L&#8217;iniziativa, realizzata in collaborazione con il Centro Culturale Danza diretto &hellip;<\/p>\n","protected":false},"author":1,"featured_media":4698,"comment_status":"closed","ping_status":"closed","sticky":false,"template":"","format":"standard","meta":{"footnotes":""},"categories":[3,2,388,225,4],"tags":[1471,660,984,650,512,527,1901],"class_list":["post-4697","post","type-post","status-publish","format-standard","has-post-thumbnail","hentry","category-attualita","category-cronaca","category-curiosita","category-spettacolo-tv","category-sport","tag-danza","tag-giovani","tag-lanuvio","tag-ragazzi","tag-spettacolo","tag-sport","tag-valeria-viglietti"],"_links":{"self":[{"href":"https:\/\/informazione365.net\/index.php\/wp-json\/wp\/v2\/posts\/4697","targetHints":{"allow":["GET"]}}],"collection":[{"href":"https:\/\/informazione365.net\/index.php\/wp-json\/wp\/v2\/posts"}],"about":[{"href":"https:\/\/informazione365.net\/index.php\/wp-json\/wp\/v2\/types\/post"}],"author":[{"embeddable":true,"href":"https:\/\/informazione365.net\/index.php\/wp-json\/wp\/v2\/users\/1"}],"replies":[{"embeddable":true,"href":"https:\/\/informazione365.net\/index.php\/wp-json\/wp\/v2\/comments?post=4697"}],"version-history":[{"count":1,"href":"https:\/\/informazione365.net\/index.php\/wp-json\/wp\/v2\/posts\/4697\/revisions"}],"predecessor-version":[{"id":4699,"href":"https:\/\/informazione365.net\/index.php\/wp-json\/wp\/v2\/posts\/4697\/revisions\/4699"}],"wp:featuredmedia":[{"embeddable":true,"href":"https:\/\/informazione365.net\/index.php\/wp-json\/wp\/v2\/media\/4698"}],"wp:attachment":[{"href":"https:\/\/informazione365.net\/index.php\/wp-json\/wp\/v2\/media?parent=4697"}],"wp:term":[{"taxonomy":"category","embeddable":true,"href":"https:\/\/informazione365.net\/index.php\/wp-json\/wp\/v2\/categories?post=4697"},{"taxonomy":"post_tag","embeddable":true,"href":"https:\/\/informazione365.net\/index.php\/wp-json\/wp\/v2\/tags?post=4697"}],"curies":[{"name":"wp","href":"https:\/\/api.w.org\/{rel}","templated":true}]}}