{"id":4607,"date":"2025-06-09T10:06:10","date_gmt":"2025-06-09T10:06:10","guid":{"rendered":"https:\/\/informazione365.net\/?p=4607"},"modified":"2025-06-09T10:06:11","modified_gmt":"2025-06-09T10:06:11","slug":"ariccia-plaude-alla-mostra-storie-sulle-dita-alberi","status":"publish","type":"post","link":"https:\/\/informazione365.net\/index.php\/2025\/06\/09\/ariccia-plaude-alla-mostra-storie-sulle-dita-alberi\/","title":{"rendered":"ARICCIA PLAUDE ALLA MOSTRA &#8220;STORIE SULLE DITA ALBERI&#8221;"},"content":{"rendered":"\n<p>La mostra \u201cStorie sulle dita ALBERI\u201d ospitata all&#8217;interno del progetto di accessibilit\u00e0 alla lettura \u201cCon-tatto: crescere comunit\u00e0 che legge\u201d presso il piano mezzanino di Palazzo Chigi a Ariccia si \u00e8 appena conclusa e ha visto una straordinaria partecipazione con pi\u00f9 di 1200 visitatori nelle due settimane di programmazione.&nbsp;<\/p>\n\n\n\n<figure class=\"wp-block-image size-large\"><img loading=\"lazy\" decoding=\"async\" width=\"819\" height=\"1024\" src=\"https:\/\/informazione365.net\/wp-content\/uploads\/2025\/06\/al2-819x1024.jpg\" alt=\"\" class=\"wp-image-4609\" srcset=\"https:\/\/informazione365.net\/wp-content\/uploads\/2025\/06\/al2-819x1024.jpg 819w, https:\/\/informazione365.net\/wp-content\/uploads\/2025\/06\/al2-240x300.jpg 240w, https:\/\/informazione365.net\/wp-content\/uploads\/2025\/06\/al2-768x961.jpg 768w, https:\/\/informazione365.net\/wp-content\/uploads\/2025\/06\/al2-1228x1536.jpg 1228w, https:\/\/informazione365.net\/wp-content\/uploads\/2025\/06\/al2.jpg 1279w\" sizes=\"auto, (max-width: 819px) 100vw, 819px\" \/><\/figure>\n\n\n\n<p>Una mostra ben curata dalla Federazione Nazionale delle Istituzioni Pro Ciechi che ha permesso di esplorare il mondo degli alberi e della natura attraverso tutti i sensi in quel rapporto diretto e fisico con le opere da toccare &nbsp;in grado di creare relazione e consapevolezza sull&#8217;oggetto da esplorare a al tempo stesso sulla propria percezione.<\/p>\n\n\n\n<figure class=\"wp-block-image size-large\"><img loading=\"lazy\" decoding=\"async\" width=\"682\" height=\"1024\" src=\"https:\/\/informazione365.net\/wp-content\/uploads\/2025\/06\/al3-682x1024.jpg\" alt=\"\" class=\"wp-image-4610\" srcset=\"https:\/\/informazione365.net\/wp-content\/uploads\/2025\/06\/al3-682x1024.jpg 682w, https:\/\/informazione365.net\/wp-content\/uploads\/2025\/06\/al3-200x300.jpg 200w, https:\/\/informazione365.net\/wp-content\/uploads\/2025\/06\/al3-768x1153.jpg 768w, https:\/\/informazione365.net\/wp-content\/uploads\/2025\/06\/al3-1023x1536.jpg 1023w, https:\/\/informazione365.net\/wp-content\/uploads\/2025\/06\/al3.jpg 1066w\" sizes=\"auto, (max-width: 682px) 100vw, 682px\" \/><\/figure>\n\n\n\n<p>Una accurata organizzazione e un calendario ricco di eventi di qualit\u00e0 ha visto la partecipazione di molti degli artisti autori delle opere, spaziando dai laboratori per i pi\u00f9 giovani ai corsi di formazione, dalle presentazioni alle visite guidate.<\/p>\n\n\n\n<figure class=\"wp-block-image size-large\"><img loading=\"lazy\" decoding=\"async\" width=\"1024\" height=\"768\" src=\"https:\/\/informazione365.net\/wp-content\/uploads\/2025\/06\/al4-1024x768.jpg\" alt=\"\" class=\"wp-image-4611\" srcset=\"https:\/\/informazione365.net\/wp-content\/uploads\/2025\/06\/al4-1024x768.jpg 1024w, https:\/\/informazione365.net\/wp-content\/uploads\/2025\/06\/al4-300x225.jpg 300w, https:\/\/informazione365.net\/wp-content\/uploads\/2025\/06\/al4-768x576.jpg 768w, https:\/\/informazione365.net\/wp-content\/uploads\/2025\/06\/al4-1536x1152.jpg 1536w, https:\/\/informazione365.net\/wp-content\/uploads\/2025\/06\/al4.jpg 2048w\" sizes=\"auto, (max-width: 1024px) 100vw, 1024px\" \/><\/figure>\n\n\n\n<p>Inaugurata il 25 Maggio alla presenza dell&#8217;amministrazione comunale e del conservatore di Palazzo Chigi Francesco Petrucci, ha visto la partecipazione di moltissime classi delle scuole di ogni ordine e grado che si sono messe in gioco con attivit\u00e0 laboratoriali e interessanti confronti sui temi della tattilit\u00e0 e della natura. Importante \u00e8 stata anche la partecipazione di persone cieche e ipovedenti insieme alle proprie comunit\u00e0 di riferimento: classi, famiglie, amici, e gruppi di lavoro.&nbsp;<\/p>\n\n\n\n<figure class=\"wp-block-image size-large\"><img loading=\"lazy\" decoding=\"async\" width=\"1024\" height=\"768\" src=\"https:\/\/informazione365.net\/wp-content\/uploads\/2025\/06\/al5-1024x768.jpg\" alt=\"\" class=\"wp-image-4612\" srcset=\"https:\/\/informazione365.net\/wp-content\/uploads\/2025\/06\/al5-1024x768.jpg 1024w, https:\/\/informazione365.net\/wp-content\/uploads\/2025\/06\/al5-300x225.jpg 300w, https:\/\/informazione365.net\/wp-content\/uploads\/2025\/06\/al5-768x576.jpg 768w, https:\/\/informazione365.net\/wp-content\/uploads\/2025\/06\/al5.jpg 1260w\" sizes=\"auto, (max-width: 1024px) 100vw, 1024px\" \/><\/figure>\n\n\n\n<p>Per l&#8217;occasione dell&#8217;esposizione ad Ariccia \u00e8 stata realizzata \u201cLa memoria dell&#8217;Albero\u201d, una nuova opera dall&#8217;Illustratrice Gioia Marchegiani che entrer\u00e0 a far parte della mostra itinerante. Una tavola tattile per raccontare in maniera poetica e metaforica la vita, le vicissitudini, le stagioni di un albero, che non differiscono poi tanto da quelle umane. La tavola \u00e8 accompagnata da un&#8217;installazione di Gianluca Rotoni, un telefono nel quale ascoltare la voce dell&#8217;albero, un abete bianco che racconta la sua vita, anno dopo anno, fino ad arrivare a quel nucleo irriducibile da cui ogni vita ha origine. <\/p>\n\n\n\n<figure class=\"wp-block-image size-large\"><img loading=\"lazy\" decoding=\"async\" width=\"1024\" height=\"768\" src=\"https:\/\/informazione365.net\/wp-content\/uploads\/2025\/06\/al6-1024x768.jpg\" alt=\"\" class=\"wp-image-4613\" srcset=\"https:\/\/informazione365.net\/wp-content\/uploads\/2025\/06\/al6-1024x768.jpg 1024w, https:\/\/informazione365.net\/wp-content\/uploads\/2025\/06\/al6-300x225.jpg 300w, https:\/\/informazione365.net\/wp-content\/uploads\/2025\/06\/al6-768x576.jpg 768w, https:\/\/informazione365.net\/wp-content\/uploads\/2025\/06\/al6-1536x1152.jpg 1536w, https:\/\/informazione365.net\/wp-content\/uploads\/2025\/06\/al6.jpg 2048w\" sizes=\"auto, (max-width: 1024px) 100vw, 1024px\" \/><\/figure>\n\n\n\n<p>Una manifestazione felice e riuscita che ci mostra, attraverso l&#8217;esperienza diretta, come la biodiversit\u00e0 sia di fondamentale importanza per la crescita armonica di una comunit\u00e0 e di una societ\u00e0 in equilibrio, da quella naturale a quella umana.<\/p>\n\n\n\n<figure class=\"wp-block-image size-large\"><img loading=\"lazy\" decoding=\"async\" width=\"819\" height=\"1024\" src=\"https:\/\/informazione365.net\/wp-content\/uploads\/2025\/06\/al1-819x1024.jpg\" alt=\"\" class=\"wp-image-4608\" srcset=\"https:\/\/informazione365.net\/wp-content\/uploads\/2025\/06\/al1-819x1024.jpg 819w, https:\/\/informazione365.net\/wp-content\/uploads\/2025\/06\/al1-240x300.jpg 240w, https:\/\/informazione365.net\/wp-content\/uploads\/2025\/06\/al1-768x960.jpg 768w, https:\/\/informazione365.net\/wp-content\/uploads\/2025\/06\/al1-1229x1536.jpg 1229w, https:\/\/informazione365.net\/wp-content\/uploads\/2025\/06\/al1.jpg 1280w\" sizes=\"auto, (max-width: 819px) 100vw, 819px\" \/><\/figure>\n","protected":false},"excerpt":{"rendered":"<p>La mostra \u201cStorie sulle dita ALBERI\u201d ospitata all&#8217;interno del progetto di accessibilit\u00e0 alla lettura \u201cCon-tatto: crescere comunit\u00e0 che legge\u201d presso il piano mezzanino di Palazzo Chigi a Ariccia si \u00e8 appena conclusa e ha visto una straordinaria partecipazione con pi\u00f9 di 1200 visitatori nelle due settimane di programmazione.&nbsp; Una mostra ben curata dalla Federazione Nazionale &hellip;<\/p>\n","protected":false},"author":1,"featured_media":4611,"comment_status":"closed","ping_status":"closed","sticky":false,"template":"","format":"standard","meta":{"footnotes":""},"categories":[1377,3,388],"tags":[1838,1712,980,1036,1836,1839,1143,17,1837],"class_list":["post-4607","post","type-post","status-publish","format-standard","has-post-thumbnail","hentry","category-ambiente","category-attualita","category-curiosita","tag-abete","tag-alberi","tag-ariccia","tag-castelli-romani","tag-dita","tag-memoria","tag-mostra","tag-roma","tag-successo"],"_links":{"self":[{"href":"https:\/\/informazione365.net\/index.php\/wp-json\/wp\/v2\/posts\/4607","targetHints":{"allow":["GET"]}}],"collection":[{"href":"https:\/\/informazione365.net\/index.php\/wp-json\/wp\/v2\/posts"}],"about":[{"href":"https:\/\/informazione365.net\/index.php\/wp-json\/wp\/v2\/types\/post"}],"author":[{"embeddable":true,"href":"https:\/\/informazione365.net\/index.php\/wp-json\/wp\/v2\/users\/1"}],"replies":[{"embeddable":true,"href":"https:\/\/informazione365.net\/index.php\/wp-json\/wp\/v2\/comments?post=4607"}],"version-history":[{"count":1,"href":"https:\/\/informazione365.net\/index.php\/wp-json\/wp\/v2\/posts\/4607\/revisions"}],"predecessor-version":[{"id":4614,"href":"https:\/\/informazione365.net\/index.php\/wp-json\/wp\/v2\/posts\/4607\/revisions\/4614"}],"wp:featuredmedia":[{"embeddable":true,"href":"https:\/\/informazione365.net\/index.php\/wp-json\/wp\/v2\/media\/4611"}],"wp:attachment":[{"href":"https:\/\/informazione365.net\/index.php\/wp-json\/wp\/v2\/media?parent=4607"}],"wp:term":[{"taxonomy":"category","embeddable":true,"href":"https:\/\/informazione365.net\/index.php\/wp-json\/wp\/v2\/categories?post=4607"},{"taxonomy":"post_tag","embeddable":true,"href":"https:\/\/informazione365.net\/index.php\/wp-json\/wp\/v2\/tags?post=4607"}],"curies":[{"name":"wp","href":"https:\/\/api.w.org\/{rel}","templated":true}]}}