{"id":4565,"date":"2025-05-29T21:05:32","date_gmt":"2025-05-29T21:05:32","guid":{"rendered":"https:\/\/informazione365.net\/?p=4565"},"modified":"2025-05-29T21:05:33","modified_gmt":"2025-05-29T21:05:33","slug":"ariccia-festeggiati-i-100-anni-del-signor-gasperini","status":"publish","type":"post","link":"https:\/\/informazione365.net\/index.php\/2025\/05\/29\/ariccia-festeggiati-i-100-anni-del-signor-gasperini\/","title":{"rendered":"Ariccia, festeggiati i 100 anni del signor Gasperini"},"content":{"rendered":"\n<p> <strong>Presenti il Sindaco e la Consigliera Di Felice<\/strong><\/p>\n\n\n\n<p>Grande festa ad Ariccia per celebrare i 100 anni del signor Gaspare Gasperini, storico cittadino della comunit\u00e0 ariccina. Alla cerimonia hanno preso parte il Sindaco Gianluca Staccoli e la Consigliera comunale Anna Lory Di Felice, che hanno voluto portare personalmente gli auguri dell\u2019Amministrazione comunale.<\/p>\n\n\n\n<p>Un momento di emozione e condivisione, che ha unito familiari, amici e istituzioni nel rendere omaggio a un traguardo di vita straordinario.<\/p>\n\n\n\n<figure class=\"wp-block-image size-large\"><img loading=\"lazy\" decoding=\"async\" width=\"1024\" height=\"720\" src=\"https:\/\/informazione365.net\/wp-content\/uploads\/2025\/05\/ta-1024x720.jpg\" alt=\"\" class=\"wp-image-4566\" srcset=\"https:\/\/informazione365.net\/wp-content\/uploads\/2025\/05\/ta-1024x720.jpg 1024w, https:\/\/informazione365.net\/wp-content\/uploads\/2025\/05\/ta-300x211.jpg 300w, https:\/\/informazione365.net\/wp-content\/uploads\/2025\/05\/ta-768x540.jpg 768w, https:\/\/informazione365.net\/wp-content\/uploads\/2025\/05\/ta.jpg 1100w\" sizes=\"auto, (max-width: 1024px) 100vw, 1024px\" \/><\/figure>\n\n\n\n<p>\u201c\u00c8 stato un onore partecipare a questa giornata cos\u00ec speciale \u2013 ha commentato la Consigliera Anna Lory Di Felice \u2013 Il signor Gasperini rappresenta un pezzo importante della memoria storica della nostra citt\u00e0. Festeggiare i suoi 100 anni non \u00e8 solo un omaggio alla sua persona, ma anche un modo per celebrare i valori di solidariet\u00e0, famiglia e comunit\u00e0 che lui incarna da sempre\u201d.<\/p>\n\n\n\n<figure class=\"wp-block-image size-large\"><img loading=\"lazy\" decoding=\"async\" width=\"1024\" height=\"702\" src=\"https:\/\/informazione365.net\/wp-content\/uploads\/2025\/05\/ta2-1024x702.jpg\" alt=\"\" class=\"wp-image-4567\" srcset=\"https:\/\/informazione365.net\/wp-content\/uploads\/2025\/05\/ta2-1024x702.jpg 1024w, https:\/\/informazione365.net\/wp-content\/uploads\/2025\/05\/ta2-300x206.jpg 300w, https:\/\/informazione365.net\/wp-content\/uploads\/2025\/05\/ta2-768x526.jpg 768w, https:\/\/informazione365.net\/wp-content\/uploads\/2025\/05\/ta2-220x150.jpg 220w, https:\/\/informazione365.net\/wp-content\/uploads\/2025\/05\/ta2.jpg 1100w\" sizes=\"auto, (max-width: 1024px) 100vw, 1024px\" \/><\/figure>\n","protected":false},"excerpt":{"rendered":"<p>Presenti il Sindaco e la Consigliera Di Felice Grande festa ad Ariccia per celebrare i 100 anni del signor Gaspare Gasperini, storico cittadino della comunit\u00e0 ariccina. Alla cerimonia hanno preso parte il Sindaco Gianluca Staccoli e la Consigliera comunale Anna Lory Di Felice, che hanno voluto portare personalmente gli auguri dell\u2019Amministrazione comunale. Un momento di &hellip;<\/p>\n","protected":false},"author":1,"featured_media":4566,"comment_status":"closed","ping_status":"closed","sticky":false,"template":"","format":"standard","meta":{"footnotes":""},"categories":[3,388,5,28],"tags":[980,1036,1793,549,519,568,17,1067],"class_list":["post-4565","post","type-post","status-publish","format-standard","has-post-thumbnail","hentry","category-attualita","category-curiosita","category-politica","category-promo","tag-ariccia","tag-castelli-romani","tag-centenario","tag-comune","tag-festa","tag-lazio","tag-roma","tag-sindaco"],"_links":{"self":[{"href":"https:\/\/informazione365.net\/index.php\/wp-json\/wp\/v2\/posts\/4565","targetHints":{"allow":["GET"]}}],"collection":[{"href":"https:\/\/informazione365.net\/index.php\/wp-json\/wp\/v2\/posts"}],"about":[{"href":"https:\/\/informazione365.net\/index.php\/wp-json\/wp\/v2\/types\/post"}],"author":[{"embeddable":true,"href":"https:\/\/informazione365.net\/index.php\/wp-json\/wp\/v2\/users\/1"}],"replies":[{"embeddable":true,"href":"https:\/\/informazione365.net\/index.php\/wp-json\/wp\/v2\/comments?post=4565"}],"version-history":[{"count":1,"href":"https:\/\/informazione365.net\/index.php\/wp-json\/wp\/v2\/posts\/4565\/revisions"}],"predecessor-version":[{"id":4568,"href":"https:\/\/informazione365.net\/index.php\/wp-json\/wp\/v2\/posts\/4565\/revisions\/4568"}],"wp:featuredmedia":[{"embeddable":true,"href":"https:\/\/informazione365.net\/index.php\/wp-json\/wp\/v2\/media\/4566"}],"wp:attachment":[{"href":"https:\/\/informazione365.net\/index.php\/wp-json\/wp\/v2\/media?parent=4565"}],"wp:term":[{"taxonomy":"category","embeddable":true,"href":"https:\/\/informazione365.net\/index.php\/wp-json\/wp\/v2\/categories?post=4565"},{"taxonomy":"post_tag","embeddable":true,"href":"https:\/\/informazione365.net\/index.php\/wp-json\/wp\/v2\/tags?post=4565"}],"curies":[{"name":"wp","href":"https:\/\/api.w.org\/{rel}","templated":true}]}}