{"id":4546,"date":"2025-05-26T21:48:38","date_gmt":"2025-05-26T21:48:38","guid":{"rendered":"https:\/\/informazione365.net\/?p=4546"},"modified":"2025-05-26T21:50:22","modified_gmt":"2025-05-26T21:50:22","slug":"ariccia-inaugurata-ieri-a-palazzo-chigi-la-mostra-nativity","status":"publish","type":"post","link":"https:\/\/informazione365.net\/index.php\/2025\/05\/26\/ariccia-inaugurata-ieri-a-palazzo-chigi-la-mostra-nativity\/","title":{"rendered":"Ariccia, inaugurata ieri a Palazzo Chigi la mostra \u201cNativity\u201d"},"content":{"rendered":"\n<p>Ieri, domenica 25 maggio 2025, presso Palazzo Chigi ad Ariccia, \u00e8 stata inaugurata la mostra itinerante \u201cNativity\u201d, facente parte delle celebrazioni per il Giubileo 2025. L&#8217;esposizione ha presentato un dialogo tra opere contemporanee e capolavori del Seicento di propriet\u00e0 del museo, tutte incentrate sul tema della Nativit\u00e0.<\/p>\n\n\n\n<p>Tra le opere esposte, due &#8220;Nativit\u00e0&#8221; del 1987 e del 1991 dell&#8217;artista Giovanna Dejua, appartenenti al suo &#8220;Nuovo Progetto Astratto&#8221;, sono state affiancate alla \u201cSacra Famiglia con San Giovannino\u201d di Jan Miel (XVII secolo) e alla \u201cAdorazione dei pastori\u201c di Viviano Codazzi e Filippo Lauri (XVII secolo). Questa combinazione ha offerto ai visitatori un&#8217;esperienza unica, mettendo in relazione l&#8217;arte sacra del passato con interpretazioni moderne.<\/p>\n\n\n\n<figure class=\"wp-block-image size-large\"><img loading=\"lazy\" decoding=\"async\" width=\"683\" height=\"1024\" src=\"https:\/\/informazione365.net\/wp-content\/uploads\/2025\/05\/ar-2-683x1024.jpg\" alt=\"\" class=\"wp-image-4548\" srcset=\"https:\/\/informazione365.net\/wp-content\/uploads\/2025\/05\/ar-2-683x1024.jpg 683w, https:\/\/informazione365.net\/wp-content\/uploads\/2025\/05\/ar-2-200x300.jpg 200w, https:\/\/informazione365.net\/wp-content\/uploads\/2025\/05\/ar-2-768x1152.jpg 768w, https:\/\/informazione365.net\/wp-content\/uploads\/2025\/05\/ar-2-1024x1536.jpg 1024w, https:\/\/informazione365.net\/wp-content\/uploads\/2025\/05\/ar-2.jpg 1067w\" sizes=\"auto, (max-width: 683px) 100vw, 683px\" \/><\/figure>\n\n\n\n<p>La mostra, organizzata dalla Fondazione Giovanna Dejua e curata da Davide Vincent Mambriani, ha ricevuto il patrocinio del Dicastero per l&#8217;Evangelizzazione e del Consiglio Regionale del Lazio. Dopo Ariccia, Nativity proseguir\u00e0 il suo percorso espositivo a Firenze e Parma, continuando a promuovere un messaggio universale di pace e speranza attraverso l&#8217;arte.<\/p>\n\n\n\n<p>Presenti all&#8217;inaugurazione della mostra &#8220;Nativity&#8221; al Palazzo Chigi di Ariccia: \u2060Gianluca Staccoli, Sindaco di Ariccia; \u2060Francesco Petrucci, Conservatore &nbsp;di Palazzo Chigi di Ariccia; \u2060Giovanna Dejua, artista e fondatrice del \u201cNuovo Progetto Astratto\u201d; \u2060Paola Di Giammaria, Responsabile e Curatore della Fototeca dei Musei Vaticani; \u2060Alessia Gullo, Avvocato della Santa Sede e della Curia Romana; \u2060Angelo Paletta, Direttore della Fondazione Giovanna Dejua.<\/p>\n\n\n\n<figure class=\"wp-block-image size-large\"><img loading=\"lazy\" decoding=\"async\" width=\"1024\" height=\"682\" src=\"https:\/\/informazione365.net\/wp-content\/uploads\/2025\/05\/ar4-2-1024x682.jpg\" alt=\"\" class=\"wp-image-4550\" srcset=\"https:\/\/informazione365.net\/wp-content\/uploads\/2025\/05\/ar4-2-1024x682.jpg 1024w, https:\/\/informazione365.net\/wp-content\/uploads\/2025\/05\/ar4-2-300x200.jpg 300w, https:\/\/informazione365.net\/wp-content\/uploads\/2025\/05\/ar4-2-768x512.jpg 768w, https:\/\/informazione365.net\/wp-content\/uploads\/2025\/05\/ar4-2-1536x1023.jpg 1536w, https:\/\/informazione365.net\/wp-content\/uploads\/2025\/05\/ar4-2.jpg 1600w\" sizes=\"auto, (max-width: 1024px) 100vw, 1024px\" \/><\/figure>\n","protected":false},"excerpt":{"rendered":"<p>Ieri, domenica 25 maggio 2025, presso Palazzo Chigi ad Ariccia, \u00e8 stata inaugurata la mostra itinerante \u201cNativity\u201d, facente parte delle celebrazioni per il Giubileo 2025. L&#8217;esposizione ha presentato un dialogo tra opere contemporanee e capolavori del Seicento di propriet\u00e0 del museo, tutte incentrate sul tema della Nativit\u00e0. Tra le opere esposte, due &#8220;Nativit\u00e0&#8221; del 1987 &hellip;<\/p>\n","protected":false},"author":1,"featured_media":4543,"comment_status":"closed","ping_status":"closed","sticky":false,"template":"","format":"standard","meta":{"footnotes":""},"categories":[3,388,28],"tags":[980,966,1775,1774,492,1143,1773,17],"class_list":["post-4546","post","type-post","status-publish","format-standard","has-post-thumbnail","hentry","category-attualita","category-curiosita","category-promo","tag-ariccia","tag-cultura","tag-giubileo","tag-inaugurazione","tag-italia","tag-mostra","tag-nativity","tag-roma"],"_links":{"self":[{"href":"https:\/\/informazione365.net\/index.php\/wp-json\/wp\/v2\/posts\/4546","targetHints":{"allow":["GET"]}}],"collection":[{"href":"https:\/\/informazione365.net\/index.php\/wp-json\/wp\/v2\/posts"}],"about":[{"href":"https:\/\/informazione365.net\/index.php\/wp-json\/wp\/v2\/types\/post"}],"author":[{"embeddable":true,"href":"https:\/\/informazione365.net\/index.php\/wp-json\/wp\/v2\/users\/1"}],"replies":[{"embeddable":true,"href":"https:\/\/informazione365.net\/index.php\/wp-json\/wp\/v2\/comments?post=4546"}],"version-history":[{"count":2,"href":"https:\/\/informazione365.net\/index.php\/wp-json\/wp\/v2\/posts\/4546\/revisions"}],"predecessor-version":[{"id":4551,"href":"https:\/\/informazione365.net\/index.php\/wp-json\/wp\/v2\/posts\/4546\/revisions\/4551"}],"wp:featuredmedia":[{"embeddable":true,"href":"https:\/\/informazione365.net\/index.php\/wp-json\/wp\/v2\/media\/4543"}],"wp:attachment":[{"href":"https:\/\/informazione365.net\/index.php\/wp-json\/wp\/v2\/media?parent=4546"}],"wp:term":[{"taxonomy":"category","embeddable":true,"href":"https:\/\/informazione365.net\/index.php\/wp-json\/wp\/v2\/categories?post=4546"},{"taxonomy":"post_tag","embeddable":true,"href":"https:\/\/informazione365.net\/index.php\/wp-json\/wp\/v2\/tags?post=4546"}],"curies":[{"name":"wp","href":"https:\/\/api.w.org\/{rel}","templated":true}]}}