{"id":4542,"date":"2025-05-26T15:44:02","date_gmt":"2025-05-26T15:44:02","guid":{"rendered":"https:\/\/informazione365.net\/?p=4542"},"modified":"2025-05-26T15:44:03","modified_gmt":"2025-05-26T15:44:03","slug":"mind-the-gap-3g-fa-tappa-a-perugia-innovazione-inclusione-e-dialogo-tra-istituzioni-e-territorio","status":"publish","type":"post","link":"https:\/\/informazione365.net\/index.php\/2025\/05\/26\/mind-the-gap-3g-fa-tappa-a-perugia-innovazione-inclusione-e-dialogo-tra-istituzioni-e-territorio\/","title":{"rendered":"\u201cMind the Gap \u2013 3G\u201d fa tappa a Perugia: innovazione, inclusione e dialogo tra istituzioni e territorio"},"content":{"rendered":"\n<p><em><strong>In partnership con Wind Tre, appuntamento stamani 26 maggio all\u2019ITS Umbria Academy<\/strong><\/em><\/p>\n\n\n\n<p>Perugia, 26 maggio 2025 &#8211; Dopo il successo delle tappe precedenti, tra cui l\u2019ultima a Bari, \u201cMind the Gap \u2013 3G (Generazione di Genere Geografica)\u201d approda a Perugia per la sua quarta tappa del 2025, con un appuntamento dedicato alla valorizzazione del territorio umbro come motore di innovazione e inclusione digitale.<\/p>\n\n\n\n<p>L\u2019evento, organizzato in partnership con Wind Tre, si \u00e8 svolto stamani presso l\u2019ITS Umbria Academy, e rappresenta una nuova tappa del percorso culturale promosso da Fondazione Italia Digitale. Un format pensato per creare connessioni concrete tra istituzioni, imprese, scuola, universit\u00e0 e comunit\u00e0 locali, con l\u2019obiettivo di affrontare insieme le sfide della trasformazione digitale e dell\u2019inclusione sociale. Al centro dell\u2019iniziativa, la volont\u00e0 di costruire un laboratorio di idee, strategie e buone pratiche, capace di generare impatto reale nei territori. Un\u2019occasione per riflettere sulle potenzialit\u00e0 dell\u2019innovazione tecnologica come leva per colmare i divari \u2013 geografici, generazionali e di genere \u2013 e per valorizzare le risorse locali in chiave contemporanea.<\/p>\n\n\n\n<p>Ad aprire i lavori i saluti istituzionali:<\/p>\n\n\n\n<ul class=\"wp-block-list\">\n<li>Tommaso Bori, Vicepresidente della Giunta regionale dell\u2019Umbria e Assessore con deleghe a bilancio, fondi europei, cultura, patrimonio e agenda digitale;<\/li>\n\n\n\n<li>Vittoria Ferdinandi, Sindaca della Citt\u00e0 di Perugia;<\/li>\n\n\n\n<li>Francesco Nicodemo, Direttore Editoriale della Fondazione Italia Digitale;<\/li>\n\n\n\n<li>Elena Lazzaroni, Responsabile della sede di Perugia dell\u2019ITS Umbria Academy e<\/li>\n\n\n\n<li>Francesca Chiocchetti, Direttore Public Affairs di Wind Tre.<\/li>\n<\/ul>\n\n\n\n<p>Tommaso Bori, Vicepresidente della Giunta regionale dell\u2019Umbria, ha dichiarato: \u201c\u201cL\u2019arrivo di \u2018Mind the Gap \u2013 3G\u2019 in Umbria rappresenta un\u2019occasione preziosa per riaffermare la nostra ambizione: fare della trasformazione digitale un motore di coesione sociale, sviluppo economico e innovazione culturale. Con la riattivazione del Tavolo dell\u2019Agenda Digitale abbiamo avviato un percorso partecipato che coinvolge istituzioni, imprese, universit\u00e0 e cittadini, per progettare insieme un futuro in cui la tecnologia sia accessibile, etica e utile. Stiamo investendo su strumenti concreti \u2013 come il nuovo portale \u2018Prossima\u2019 e l\u2019app \u2018UmbriaFacile\u2019 \u2013 perch\u00e9 crediamo che la digitalizzazione non debba essere solo un obiettivo, ma una leva per migliorare la qualit\u00e0 della vita delle persone. In un tempo di grandi cambiamenti, l\u2019Umbria vuole essere laboratorio di idee, buone pratiche e soluzioni inclusive, capace di affrontare con coraggio e visione le sfide del presente. Un contributo particolarmente significativo \u00e8 emerso anche dalla tavola rotonda dedicata al ruolo delle donne nella trasformazione digitale, che ha evidenziato quanto la partecipazione femminile arricchisca il dibattito e renda pi\u00f9 efficace e sostenibile l\u2019innovazione. Le esperienze condivise hanno confermato che l\u2019inclusione delle competenze, dei punti di vista e della leadership femminile \u00e8 una condizione essenziale per costruire una societ\u00e0 digitale pi\u00f9 equa e rappresentativa\u201d.<\/p>\n\n\n\n<figure class=\"wp-block-image size-large\"><img loading=\"lazy\" decoding=\"async\" width=\"1024\" height=\"768\" src=\"https:\/\/informazione365.net\/wp-content\/uploads\/2025\/05\/Immagine-WhatsApp-2025-05-26-ore-17.39.09_9c4e5c7a-1024x768.jpg\" alt=\"\" class=\"wp-image-4543\" srcset=\"https:\/\/informazione365.net\/wp-content\/uploads\/2025\/05\/Immagine-WhatsApp-2025-05-26-ore-17.39.09_9c4e5c7a-1024x768.jpg 1024w, https:\/\/informazione365.net\/wp-content\/uploads\/2025\/05\/Immagine-WhatsApp-2025-05-26-ore-17.39.09_9c4e5c7a-300x225.jpg 300w, https:\/\/informazione365.net\/wp-content\/uploads\/2025\/05\/Immagine-WhatsApp-2025-05-26-ore-17.39.09_9c4e5c7a-768x576.jpg 768w, https:\/\/informazione365.net\/wp-content\/uploads\/2025\/05\/Immagine-WhatsApp-2025-05-26-ore-17.39.09_9c4e5c7a-1536x1152.jpg 1536w, https:\/\/informazione365.net\/wp-content\/uploads\/2025\/05\/Immagine-WhatsApp-2025-05-26-ore-17.39.09_9c4e5c7a.jpg 1600w\" sizes=\"auto, (max-width: 1024px) 100vw, 1024px\" \/><\/figure>\n\n\n\n<p>Vittoria Ferdinandi, Sindaca di Perugia, ha aggiunto: \u201c&#8221;Mind The Gap&#8221; ci ha dimostrato come il mondo digitale pu\u00f2 avere un impatto significativo e positivo nel promuovere un cambiamento che favorisca la connessione tra diverse generazioni e il superamento delle barriere sociali e geografiche. \u00c8 stato davvero bello e stimolante osservare la partecipazione attiva di cittadini, istituzioni, scuole e aziende, tutti uniti nel condividere idee, esperienze e visioni per un futuro pi\u00f9 inclusivo. Le discussioni odierne sulle tre G \u2013 Generazione, Genere e Geografia \u2013 hanno evidenziato le sfide e le opportunit\u00e0 che ci attendono, e sono convinta che il dialogo avviato qui continuer\u00e0 a ispirare azioni concrete. Il nostro obiettivo comune \u00e8 quello di lavorare per rendere Perugia un modello di inclusione e innovazione, dove ogni individuo possa sentirsi parte attiva di una comunit\u00e0. \u00c8 essenziale proseguire su questa strada, promuovendo un uso consapevole e inclusivo della tecnologia, affinch\u00e9 nessuno resti indietro. Accrescere il livello di alfabetizzazione digitale tra i cittadini, con particolare attenzione alle categorie pi\u00f9 vulnerabili, stimolare il dialogo intergenerazionale e interculturale, creando un ambiente di apprendimento collaborativo, e favorire l&#8217;adozione di pratiche digitali sostenibili e responsabili, promuovendo una cultura della consapevolezza e della sicurezza online, sono obiettivi comuni che riteniamo fondamentali. In un&#8217;epoca in cui la tecnologia pervade ogni aspetto della vita quotidiana, iniziative come &#8216;Mind The Gap&#8217; si rivelano importanti per provare a far s\u00ec che tutti possano usufruire delle opportunit\u00e0 offerte dalla digitalizzazione. Ringrazio la Fondazione Italia Digitale che, attraverso questo percorso culturale, si impegna a costruire un futuro pi\u00f9 inclusivo. La nostra \u00e8 una societ\u00e0 iperconnessa, in cui per\u00f2 gli individui si sentono sempre pi\u00f9 soli, ed \u00e8 necessario quindi promuovere iniziative che mettano al centro la persona e le sue esigenze, a partire dai soggetti pi\u00f9 fragili. Desidero ringraziare dunque tutti i partecipanti, relatori e organizzatori per il loro impegno e entusiasmo. Stiamo&nbsp;piantando insieme i semi di un nuovo paradigma, e sono certa che continueremo a cogliere i frutti di questa iniziativa nel tempo a venire\u201d.<\/p>\n\n\n\n<figure class=\"wp-block-image size-large\"><img loading=\"lazy\" decoding=\"async\" width=\"768\" height=\"1024\" src=\"https:\/\/informazione365.net\/wp-content\/uploads\/2025\/05\/Immagine-WhatsApp-2025-05-26-ore-17.39.09_27d72f3c-768x1024.jpg\" alt=\"\" class=\"wp-image-4544\" srcset=\"https:\/\/informazione365.net\/wp-content\/uploads\/2025\/05\/Immagine-WhatsApp-2025-05-26-ore-17.39.09_27d72f3c-768x1024.jpg 768w, https:\/\/informazione365.net\/wp-content\/uploads\/2025\/05\/Immagine-WhatsApp-2025-05-26-ore-17.39.09_27d72f3c-225x300.jpg 225w, https:\/\/informazione365.net\/wp-content\/uploads\/2025\/05\/Immagine-WhatsApp-2025-05-26-ore-17.39.09_27d72f3c-1152x1536.jpg 1152w, https:\/\/informazione365.net\/wp-content\/uploads\/2025\/05\/Immagine-WhatsApp-2025-05-26-ore-17.39.09_27d72f3c.jpg 1200w\" sizes=\"auto, (max-width: 768px) 100vw, 768px\" \/><\/figure>\n\n\n\n<p>Per Francesca Chiocchetti, direttore Public Relations di Wind Tre, \u201cla tappa di Perugia rappresenta un\u2019importante occasione per favorire il dialogo tra le istituzioni cittadine e regionali e le realt\u00e0 imprenditoriali del territorio. Wind Tre vuole contribuire attivamente al dibattito per la realizzazione di iniziative pubblico-private capaci di promuovere lo sviluppo delle comunit\u00e0 attraverso l\u2019innovazione tecnologica.\u201d<\/p>\n\n\n\n<p>A seguire la tavola rotonda con:<\/p>\n\n\n\n<ul class=\"wp-block-list\">\n<li>Caterina Rampini, Rampini S.p.A.;<\/li>\n\n\n\n<li>Carolina Cucinelli, Direttrice Esecutiva e Vice Presidente Brunello Cucinelli;<\/li>\n\n\n\n<li>Cecilia Moretti, Responsabile Area Digitalizzazione Gepafin Spa Finanziaria Regionale;<\/li>\n\n\n\n<li>Valentina Parasecolo, Relazioni Media del Parlamento Europeo;<\/li>\n\n\n\n<li>Andrea Stafisso, Assessore all\u2019Innovazione del Comune di Perugia;<\/li>\n\n\n\n<li>Donato Di Nella, Corporate Sales Director di Wind Tre;<\/li>\n\n\n\n<li>Stefania Stefanelli, Professoressa di Diritto Privato ed Esperta in Digitalizzazione e AI;<\/li>\n\n\n\n<li>Marcello Caputo, Responsabile Commerciale presso Barton Business s.r.l.<\/li>\n<\/ul>\n\n\n\n<p>L\u2019evento \u00e8 stato moderato da Gabriele Burini, giornalista del Corriere dell\u2019Umbria.<\/p>\n\n\n\n<p>Perugia diventa cos\u00ec il punto di incontro di voci ed esperienze diverse, unite dalla convinzione che la tecnologia debba essere uno strumento di emancipazione e partecipazione, accessibile a tutti.<\/p>\n\n\n\n<p><\/p>\n","protected":false},"excerpt":{"rendered":"<p>In partnership con Wind Tre, appuntamento stamani 26 maggio all\u2019ITS Umbria Academy Perugia, 26 maggio 2025 &#8211; Dopo il successo delle tappe precedenti, tra cui l\u2019ultima a Bari, \u201cMind the Gap \u2013 3G (Generazione di Genere Geografica)\u201d approda a Perugia per la sua quarta tappa del 2025, con un appuntamento dedicato alla valorizzazione del territorio &hellip;<\/p>\n","protected":false},"author":1,"featured_media":4543,"comment_status":"closed","ping_status":"closed","sticky":false,"template":"","format":"standard","meta":{"footnotes":""},"categories":[1377,3,388,28],"tags":[1767,1769,808,1111,1770,1772,1768,1127,1771,1766],"class_list":["post-4542","post","type-post","status-publish","format-standard","has-post-thumbnail","hentry","category-ambiente","category-attualita","category-curiosita","category-promo","tag-3g","tag-dialogo","tag-inclusione","tag-innovazione","tag-istituzioni","tag-its-umbria-academy","tag-pereugia","tag-territorio","tag-umbria","tag-wind"],"_links":{"self":[{"href":"https:\/\/informazione365.net\/index.php\/wp-json\/wp\/v2\/posts\/4542","targetHints":{"allow":["GET"]}}],"collection":[{"href":"https:\/\/informazione365.net\/index.php\/wp-json\/wp\/v2\/posts"}],"about":[{"href":"https:\/\/informazione365.net\/index.php\/wp-json\/wp\/v2\/types\/post"}],"author":[{"embeddable":true,"href":"https:\/\/informazione365.net\/index.php\/wp-json\/wp\/v2\/users\/1"}],"replies":[{"embeddable":true,"href":"https:\/\/informazione365.net\/index.php\/wp-json\/wp\/v2\/comments?post=4542"}],"version-history":[{"count":1,"href":"https:\/\/informazione365.net\/index.php\/wp-json\/wp\/v2\/posts\/4542\/revisions"}],"predecessor-version":[{"id":4545,"href":"https:\/\/informazione365.net\/index.php\/wp-json\/wp\/v2\/posts\/4542\/revisions\/4545"}],"wp:featuredmedia":[{"embeddable":true,"href":"https:\/\/informazione365.net\/index.php\/wp-json\/wp\/v2\/media\/4543"}],"wp:attachment":[{"href":"https:\/\/informazione365.net\/index.php\/wp-json\/wp\/v2\/media?parent=4542"}],"wp:term":[{"taxonomy":"category","embeddable":true,"href":"https:\/\/informazione365.net\/index.php\/wp-json\/wp\/v2\/categories?post=4542"},{"taxonomy":"post_tag","embeddable":true,"href":"https:\/\/informazione365.net\/index.php\/wp-json\/wp\/v2\/tags?post=4542"}],"curies":[{"name":"wp","href":"https:\/\/api.w.org\/{rel}","templated":true}]}}