{"id":4523,"date":"2025-05-20T15:17:44","date_gmt":"2025-05-20T15:17:44","guid":{"rendered":"https:\/\/informazione365.net\/?p=4523"},"modified":"2025-05-20T15:17:44","modified_gmt":"2025-05-20T15:17:44","slug":"faun-adventure-camp-ariccia-al-via-la-seconda-edizione","status":"publish","type":"post","link":"https:\/\/informazione365.net\/index.php\/2025\/05\/20\/faun-adventure-camp-ariccia-al-via-la-seconda-edizione\/","title":{"rendered":"Faun Adventure Camp Ariccia &#8211; Al via la seconda edizione"},"content":{"rendered":"\n<p>\u201cSono felice di annunciare che i centri estivi comunali, giunti al secondo anno di attivit\u00e0, saranno nuovamente aperti per offrire ai bambini e alle famiglie della nostra citt\u00e0 un luogo di incontro, attivit\u00e0 sportive, gioco e apprendimento durante le vacanze estive. Quest&#8217;anno, abbiamo potenziato l&#8217;offerta con nuove attivit\u00e0 e progetti educativi, per garantire ai nostri giovani cittadini un&#8217;esperienza ancora pi\u00f9 arricchente e divertente. Ringrazio tutti coloro che hanno contribuito al successo del primo anno e sono entusiasta di vedere i risultati di questo progetto anche quest&#8217;anno\u201d. \u2013 ha commentato la consigliera comunale Irene Falcone.&nbsp;<\/p>\n\n\n\n<p>Per informazioni sulle iscrizioni sulle agevolazioni per i residenti e sui programmi, si prega di visitare il sito web del Comune o di contattare il numero 3387126450. Il centro estivo sar\u00e0 di nuovo ospitato presso la sede storica dell\u2019impianto sportivo polifunzionale PALAEMANUELE (ex Palariccia), in via Damiano Marinelli e sar\u00e0 aperto dal 9 giugno orario 8,00-16,30.<\/p>\n\n\n\n<p>Iscrizioni presso il centro estivo dalle 17 alle 18:30 nei giorni: marted\u00ec 20 maggio; venerd\u00ec 23 maggio; marted\u00ec 27 maggio; venerd\u00ec 30 maggio; marted\u00ec 3 giugno; venerd\u00ec 6 giugno; sabato 7 giugno.<\/p>\n\n\n\n<figure class=\"wp-block-image size-large\"><img loading=\"lazy\" decoding=\"async\" width=\"724\" height=\"1024\" src=\"https:\/\/informazione365.net\/wp-content\/uploads\/2025\/05\/ce-724x1024.jpg\" alt=\"\" class=\"wp-image-4524\" srcset=\"https:\/\/informazione365.net\/wp-content\/uploads\/2025\/05\/ce-724x1024.jpg 724w, https:\/\/informazione365.net\/wp-content\/uploads\/2025\/05\/ce-212x300.jpg 212w, https:\/\/informazione365.net\/wp-content\/uploads\/2025\/05\/ce-768x1086.jpg 768w, https:\/\/informazione365.net\/wp-content\/uploads\/2025\/05\/ce.jpg 1080w\" sizes=\"auto, (max-width: 724px) 100vw, 724px\" \/><\/figure>\n","protected":false},"excerpt":{"rendered":"<p>\u201cSono felice di annunciare che i centri estivi comunali, giunti al secondo anno di attivit\u00e0, saranno nuovamente aperti per offrire ai bambini e alle famiglie della nostra citt\u00e0 un luogo di incontro, attivit\u00e0 sportive, gioco e apprendimento durante le vacanze estive. Quest&#8217;anno, abbiamo potenziato l&#8217;offerta con nuove attivit\u00e0 e progetti educativi, per garantire ai nostri &hellip;<\/p>\n","protected":false},"author":1,"featured_media":4524,"comment_status":"closed","ping_status":"closed","sticky":false,"template":"","format":"standard","meta":{"footnotes":""},"categories":[3,2,388,8],"tags":[980,374,676,1008,1753,1614,17,1754],"class_list":["post-4523","post","type-post","status-publish","format-standard","has-post-thumbnail","hentry","category-attualita","category-cronaca","category-curiosita","category-senza-categoria","tag-ariccia","tag-bambini","tag-bimbi","tag-castelli","tag-centro-estivo","tag-estate","tag-roma","tag-via"],"_links":{"self":[{"href":"https:\/\/informazione365.net\/index.php\/wp-json\/wp\/v2\/posts\/4523","targetHints":{"allow":["GET"]}}],"collection":[{"href":"https:\/\/informazione365.net\/index.php\/wp-json\/wp\/v2\/posts"}],"about":[{"href":"https:\/\/informazione365.net\/index.php\/wp-json\/wp\/v2\/types\/post"}],"author":[{"embeddable":true,"href":"https:\/\/informazione365.net\/index.php\/wp-json\/wp\/v2\/users\/1"}],"replies":[{"embeddable":true,"href":"https:\/\/informazione365.net\/index.php\/wp-json\/wp\/v2\/comments?post=4523"}],"version-history":[{"count":1,"href":"https:\/\/informazione365.net\/index.php\/wp-json\/wp\/v2\/posts\/4523\/revisions"}],"predecessor-version":[{"id":4525,"href":"https:\/\/informazione365.net\/index.php\/wp-json\/wp\/v2\/posts\/4523\/revisions\/4525"}],"wp:featuredmedia":[{"embeddable":true,"href":"https:\/\/informazione365.net\/index.php\/wp-json\/wp\/v2\/media\/4524"}],"wp:attachment":[{"href":"https:\/\/informazione365.net\/index.php\/wp-json\/wp\/v2\/media?parent=4523"}],"wp:term":[{"taxonomy":"category","embeddable":true,"href":"https:\/\/informazione365.net\/index.php\/wp-json\/wp\/v2\/categories?post=4523"},{"taxonomy":"post_tag","embeddable":true,"href":"https:\/\/informazione365.net\/index.php\/wp-json\/wp\/v2\/tags?post=4523"}],"curies":[{"name":"wp","href":"https:\/\/api.w.org\/{rel}","templated":true}]}}