{"id":4519,"date":"2025-05-17T14:42:45","date_gmt":"2025-05-17T14:42:45","guid":{"rendered":"https:\/\/informazione365.net\/?p=4519"},"modified":"2025-05-17T14:42:46","modified_gmt":"2025-05-17T14:42:46","slug":"insieme-e-meglio-a-lanuvio-istituzioni-scuola-e-territorio-uniti-contro-il-bullismo","status":"publish","type":"post","link":"https:\/\/informazione365.net\/index.php\/2025\/05\/17\/insieme-e-meglio-a-lanuvio-istituzioni-scuola-e-territorio-uniti-contro-il-bullismo\/","title":{"rendered":"&#8220;INSIEME E&#8217; MEGLIO&#8221; &#8211; A Lanuvio Istituzioni, Scuola e Territorio Uniti contro il Bullismo"},"content":{"rendered":"\n<p>Venerd\u00ec 23 maggio alle ore 17:00, presso Piazza San Giovanni Battista a Campoleone, si terr\u00e0 l\u2019evento \u201cInsieme \u00e8 Meglio\u201d, un progetto di sensibilizzazione, conoscenza e contrasto al fenomeno del bullismo, promosso dal Comune di Lanuvio, in collaborazione con la Parrocchia San Giovanni Battista e l\u2019Istituto Comprensivo \u201cMarianna Dionigi\u201d.<\/p>\n\n\n\n<p>L\u2019iniziativa nasce con l\u2019obiettivo di coinvolgere studenti, famiglie e cittadini in un percorso educativo e condiviso che promuova la cultura del rispetto, dell\u2019ascolto e della solidariet\u00e0.<\/p>\n\n\n\n<p>Ad aprire l\u2019evento, i saluti istituzionali del &nbsp;del Vicesindaco Valeria Viglietti (referente del progetto), della Garante dell\u2019infanzia e dell\u2019adolescenza della Regione Lazio Monica Sansoni, del Dirigente del Commissariato della Polizia di Stato di Genzano Alessandro Serafini, della Dirigente scolastica Laura La Manna, e del Parroco Don Marco Quarra.A seguire, interverranno figure professionali e collaboratori del territorio, tra cui Luca Galieti, Valentina Desideri, Massimiliano Cavola e Luana Sciamanna, per affrontare da diverse prospettive le problematiche legate al bullismo e ai comportamenti a rischio tra i pi\u00f9 giovani.<\/p>\n\n\n\n<p>L\u2019evento si concluder\u00e0 con il gran finale musicale delle classi seconde della scuola secondaria IC Marianna Dionigi, che porteranno in scena un messaggio positivo di amicizia e inclusione.<\/p>\n\n\n\n<p>&#8220;Un ringraziamento speciale &#8211; spiega il Vicesindaco Valeria Viglietti &#8211; va agli insegnanti coinvolti nel progetto e ai musicisti che accompagneranno l\u2019iniziativa. \u201cInsieme \u00e8 meglio\u201d non \u00e8 solo il titolo dell\u2019evento, ma un vero e proprio invito a costruire comunit\u00e0 inclusive e responsabili, capaci di proteggere chi \u00e8 pi\u00f9 fragile e promuovere una cultura della non violenza&#8221;.<\/p>\n\n\n\n<figure class=\"wp-block-image size-large\"><img loading=\"lazy\" decoding=\"async\" width=\"716\" height=\"1024\" src=\"https:\/\/informazione365.net\/wp-content\/uploads\/2025\/05\/la-716x1024.jpg\" alt=\"\" class=\"wp-image-4520\" srcset=\"https:\/\/informazione365.net\/wp-content\/uploads\/2025\/05\/la-716x1024.jpg 716w, https:\/\/informazione365.net\/wp-content\/uploads\/2025\/05\/la-210x300.jpg 210w, https:\/\/informazione365.net\/wp-content\/uploads\/2025\/05\/la-768x1099.jpg 768w, https:\/\/informazione365.net\/wp-content\/uploads\/2025\/05\/la-1073x1536.jpg 1073w, https:\/\/informazione365.net\/wp-content\/uploads\/2025\/05\/la.jpg 1100w\" sizes=\"auto, (max-width: 716px) 100vw, 716px\" \/><\/figure>\n","protected":false},"excerpt":{"rendered":"<p>Venerd\u00ec 23 maggio alle ore 17:00, presso Piazza San Giovanni Battista a Campoleone, si terr\u00e0 l\u2019evento \u201cInsieme \u00e8 Meglio\u201d, un progetto di sensibilizzazione, conoscenza e contrasto al fenomeno del bullismo, promosso dal Comune di Lanuvio, in collaborazione con la Parrocchia San Giovanni Battista e l\u2019Istituto Comprensivo \u201cMarianna Dionigi\u201d. L\u2019iniziativa nasce con l\u2019obiettivo di coinvolgere studenti, &hellip;<\/p>\n","protected":false},"author":1,"featured_media":4520,"comment_status":"closed","ping_status":"closed","sticky":false,"template":"","format":"standard","meta":{"footnotes":""},"categories":[3,388,5,811],"tags":[169,1752,1322,808,1751,492,984,399,17,102,1127],"class_list":["post-4519","post","type-post","status-publish","format-standard","has-post-thumbnail","hentry","category-attualita","category-curiosita","category-politica","category-scuola","tag-bullismo","tag-comunita","tag-cyberbullismo","tag-inclusione","tag-insieme","tag-italia","tag-lanuvio","tag-musica","tag-roma","tag-scuola","tag-territorio"],"_links":{"self":[{"href":"https:\/\/informazione365.net\/index.php\/wp-json\/wp\/v2\/posts\/4519","targetHints":{"allow":["GET"]}}],"collection":[{"href":"https:\/\/informazione365.net\/index.php\/wp-json\/wp\/v2\/posts"}],"about":[{"href":"https:\/\/informazione365.net\/index.php\/wp-json\/wp\/v2\/types\/post"}],"author":[{"embeddable":true,"href":"https:\/\/informazione365.net\/index.php\/wp-json\/wp\/v2\/users\/1"}],"replies":[{"embeddable":true,"href":"https:\/\/informazione365.net\/index.php\/wp-json\/wp\/v2\/comments?post=4519"}],"version-history":[{"count":1,"href":"https:\/\/informazione365.net\/index.php\/wp-json\/wp\/v2\/posts\/4519\/revisions"}],"predecessor-version":[{"id":4521,"href":"https:\/\/informazione365.net\/index.php\/wp-json\/wp\/v2\/posts\/4519\/revisions\/4521"}],"wp:featuredmedia":[{"embeddable":true,"href":"https:\/\/informazione365.net\/index.php\/wp-json\/wp\/v2\/media\/4520"}],"wp:attachment":[{"href":"https:\/\/informazione365.net\/index.php\/wp-json\/wp\/v2\/media?parent=4519"}],"wp:term":[{"taxonomy":"category","embeddable":true,"href":"https:\/\/informazione365.net\/index.php\/wp-json\/wp\/v2\/categories?post=4519"},{"taxonomy":"post_tag","embeddable":true,"href":"https:\/\/informazione365.net\/index.php\/wp-json\/wp\/v2\/tags?post=4519"}],"curies":[{"name":"wp","href":"https:\/\/api.w.org\/{rel}","templated":true}]}}