{"id":4353,"date":"2025-03-11T20:09:34","date_gmt":"2025-03-11T20:09:34","guid":{"rendered":"https:\/\/informazione365.net\/?p=4353"},"modified":"2025-03-11T20:13:51","modified_gmt":"2025-03-11T20:13:51","slug":"agenzia-entrate-riscossione-ramon-bertone-del-territorio-di-roma-eletto-segretario-responsabile-della-segreteria-nazionale-di-coordinamento-first-cisl-ader","status":"publish","type":"post","link":"https:\/\/informazione365.net\/index.php\/2025\/03\/11\/agenzia-entrate-riscossione-ramon-bertone-del-territorio-di-roma-eletto-segretario-responsabile-della-segreteria-nazionale-di-coordinamento-first-cisl-ader\/","title":{"rendered":"AGENZIA ENTRATE RISCOSSIONE -Ramon\u00a0Bertone\u00a0del territorio di Roma eletto segretario responsabile della segreteria nazionale di coordinamento\u00a0First Cisl\u00a0AdeR"},"content":{"rendered":"\n<p><strong>Si \u00e8 sv<\/strong><strong>olto a Riccione il congresso&nbsp;<\/strong><strong>First Cisl Esattoriali con al centro le prospettive future del comparto, alla luce delle implicazioni legate all\u2019attuazione della Delega Fiscale e degli scenari futuri di accorpamento con Agenzia delle Entrate. Dopo un ampio dibattito il consesso ha eletto Ramon&nbsp;<\/strong><strong>Bertone<\/strong><strong>, romano, 42 anni, due figli, impegnato in CISL da oltre 20 anni.<\/strong><\/p>\n\n\n\n<figure class=\"wp-block-image size-large\"><img loading=\"lazy\" decoding=\"async\" width=\"576\" height=\"1024\" src=\"https:\/\/informazione365.net\/wp-content\/uploads\/2025\/03\/be3-576x1024.jpg\" alt=\"\" class=\"wp-image-4357\" srcset=\"https:\/\/informazione365.net\/wp-content\/uploads\/2025\/03\/be3-576x1024.jpg 576w, https:\/\/informazione365.net\/wp-content\/uploads\/2025\/03\/be3-169x300.jpg 169w, https:\/\/informazione365.net\/wp-content\/uploads\/2025\/03\/be3-768x1365.jpg 768w, https:\/\/informazione365.net\/wp-content\/uploads\/2025\/03\/be3-864x1536.jpg 864w, https:\/\/informazione365.net\/wp-content\/uploads\/2025\/03\/be3.jpg 900w\" sizes=\"auto, (max-width: 576px) 100vw, 576px\" \/><\/figure>\n\n\n\n<p><strong>\u201cGrazie a tutti quelli che hanno scelto di sostenermi per la sintesi che FIRST CISL in Agenzia entrate Riscossione ha dimostrato appoggiando la mia candidatura.<\/strong><\/p>\n\n\n\n<p><strong>\u00c8 proprio questa capacit\u00e0 di affidarsi che \u00e8 sinonimo di appartenenza, la capacit\u00e0 di fare sintesi e portare avanti la linea \u00e8 un segno distintivo della nostra organizzazione che pu\u00f2 e deve essere strumento capace di farci diventare un sindacato sempre pi\u00f9 attrattivo\u201d. Sono queste le prime parole con le quali il neo eletto ha iniziato la sua relazione nel corso della quale ha voluto sottolineare il continuino cambiamento organizzativo che l\u2019Ente ha vissuto negli ultimi anni ed il conseguente sforzo che First Cisl ha dovuto effettuare per esercitare la propria funzione nel costante mutamento di scenario. Molti &nbsp;gli appuntamenti che attendono la segreteria composta da&nbsp;<\/strong><strong>Zabbara<\/strong><strong>, Bernabei, Cappelli e Innocenti, &nbsp;tra cui spiccano il rinnovo del contratto inteso anche e soprattutto come elemento a tutela dell\u2019autonomia della categoria esattoriale, le questioni organizzative alla luce delle assunzioni e la discussione delle tematiche legate al work life&nbsp;<\/strong><strong>balance<\/strong><strong>.&nbsp;<\/strong><\/p>\n\n\n\n<p><strong>\u201c Le cose da fare non mancano. Come farle \u00e8 ancora pi\u00f9 difficile, perch\u00e9 sembra banale e invece mettere insieme, aggregare, presidiare, capire, percepire le istanze, intercettare i bisogni, ascoltare, conoscere, saper spiegare, sono la parte veramente pi\u00f9 complessa ma allo stesso tempo pi\u00f9 soddisfacente del nostro lavoro\u201d. &nbsp;\u00c8 questo il sentiero indicato da Ramon&nbsp;<\/strong><strong>Bertone<\/strong><strong>&nbsp;ai dirigenti sindacali per continuare ad essere un sindacato al passo con i tempi e con le esigenze delle lavoratrici e dei lavoratori. Non \u00e8 mancato infine un ringraziamento alla coordinatrice uscente, Emma Marra, della quale ha sottolineato la lucida dedizione e la passione che dimostra solo chi ama realmente il proprio lavoro.<\/strong><\/p>\n\n\n\n<figure class=\"wp-block-image size-large\"><img decoding=\"async\" src=\"https:\/\/informazione365.net\/wp-content\/uploads\/2025\/03\/be-768x1024.jpg\" alt=\"\" class=\"wp-image-4354\"\/><\/figure>\n\n\n\n<figure class=\"wp-block-image size-large\"><img loading=\"lazy\" decoding=\"async\" width=\"1024\" height=\"768\" src=\"https:\/\/informazione365.net\/wp-content\/uploads\/2025\/03\/be2-1024x768.jpg\" alt=\"\" class=\"wp-image-4356\" srcset=\"https:\/\/informazione365.net\/wp-content\/uploads\/2025\/03\/be2-1024x768.jpg 1024w, https:\/\/informazione365.net\/wp-content\/uploads\/2025\/03\/be2-300x225.jpg 300w, https:\/\/informazione365.net\/wp-content\/uploads\/2025\/03\/be2-768x576.jpg 768w, https:\/\/informazione365.net\/wp-content\/uploads\/2025\/03\/be2-1536x1152.jpg 1536w, https:\/\/informazione365.net\/wp-content\/uploads\/2025\/03\/be2.jpg 1600w\" sizes=\"auto, (max-width: 1024px) 100vw, 1024px\" \/><\/figure>\n","protected":false},"excerpt":{"rendered":"<p>Si \u00e8 svolto a Riccione il congresso&nbsp;First Cisl Esattoriali con al centro le prospettive future del comparto, alla luce delle implicazioni legate all\u2019attuazione della Delega Fiscale e degli scenari futuri di accorpamento con Agenzia delle Entrate. Dopo un ampio dibattito il consesso ha eletto Ramon&nbsp;Bertone, romano, 42 anni, due figli, impegnato in CISL da oltre &hellip;<\/p>\n","protected":false},"author":1,"featured_media":4354,"comment_status":"open","ping_status":"open","sticky":false,"template":"","format":"standard","meta":{"footnotes":""},"categories":[3,2,388,750],"tags":[1598,934,1596,1594,1129,1599,1128,752,1595,17,1597],"class_list":["post-4353","post","type-post","status-publish","format-standard","has-post-thumbnail","hentry","category-attualita","category-cronaca","category-curiosita","category-economia","tag-ader","tag-agenzia","tag-agenzia-entrate","tag-bertonbe","tag-cisl","tag-coordinamento","tag-first","tag-nazionale","tag-riscossione","tag-roma","tag-segreteria"],"_links":{"self":[{"href":"https:\/\/informazione365.net\/index.php\/wp-json\/wp\/v2\/posts\/4353","targetHints":{"allow":["GET"]}}],"collection":[{"href":"https:\/\/informazione365.net\/index.php\/wp-json\/wp\/v2\/posts"}],"about":[{"href":"https:\/\/informazione365.net\/index.php\/wp-json\/wp\/v2\/types\/post"}],"author":[{"embeddable":true,"href":"https:\/\/informazione365.net\/index.php\/wp-json\/wp\/v2\/users\/1"}],"replies":[{"embeddable":true,"href":"https:\/\/informazione365.net\/index.php\/wp-json\/wp\/v2\/comments?post=4353"}],"version-history":[{"count":2,"href":"https:\/\/informazione365.net\/index.php\/wp-json\/wp\/v2\/posts\/4353\/revisions"}],"predecessor-version":[{"id":4359,"href":"https:\/\/informazione365.net\/index.php\/wp-json\/wp\/v2\/posts\/4353\/revisions\/4359"}],"wp:featuredmedia":[{"embeddable":true,"href":"https:\/\/informazione365.net\/index.php\/wp-json\/wp\/v2\/media\/4354"}],"wp:attachment":[{"href":"https:\/\/informazione365.net\/index.php\/wp-json\/wp\/v2\/media?parent=4353"}],"wp:term":[{"taxonomy":"category","embeddable":true,"href":"https:\/\/informazione365.net\/index.php\/wp-json\/wp\/v2\/categories?post=4353"},{"taxonomy":"post_tag","embeddable":true,"href":"https:\/\/informazione365.net\/index.php\/wp-json\/wp\/v2\/tags?post=4353"}],"curies":[{"name":"wp","href":"https:\/\/api.w.org\/{rel}","templated":true}]}}