{"id":4290,"date":"2025-02-22T21:16:11","date_gmt":"2025-02-22T21:16:11","guid":{"rendered":"https:\/\/informazione365.net\/?p=4290"},"modified":"2025-02-22T21:16:11","modified_gmt":"2025-02-22T21:16:11","slug":"il-noi-che-ci-unisce-giornalisti-2-0-e-il-voto-odg-2025","status":"publish","type":"post","link":"https:\/\/informazione365.net\/index.php\/2025\/02\/22\/il-noi-che-ci-unisce-giornalisti-2-0-e-il-voto-odg-2025\/","title":{"rendered":"IL NOI CHE CI UNISCE &#8211; Giornalisti 2.0 e il voto ODG 2025"},"content":{"rendered":"\n<p><strong>Giornalismo e innovazione: il 19 e 20 marzo online e il 23 in presenza, una nuova era per l\u2019ODG.<\/strong><strong>&nbsp;Stavolta si cambia davvero.<\/strong><\/p>\n\n\n\n<p><strong>Il 19 e 20 marzo 2025, con voto telematico tramite SPID, e il 23 marzo 2025, con voto in presenza presso il Centro Sportivo Acqua Acetosa &#8220;Giulio Onesti&#8221; a Roma<\/strong>,&nbsp;<strong>in Largo Giulio Onesti, 1<\/strong>si terranno le elezioni per il rinnovo del Consiglio Regionale e del Consiglio Nazionale dell&#8217;Ordine dei Giornalisti.&nbsp;<\/p>\n\n\n\n<p>Quest&#8217;anno, per la prima volta,&nbsp;<strong>l&#8217;Associazione di categoria&nbsp;<\/strong><strong><em>Giornalisti 2.0<\/em><\/strong>&nbsp;si presenta con&nbsp;<strong>liste autonome<\/strong>, segnando un cambiamento epocale per la rappresentanza della professione.<\/p>\n\n\n\n<p><strong>Perch\u00e9 votare Giornalisti 2.0?<\/strong><\/p>\n\n\n\n<p>L&#8217;Associazione&nbsp;<em>Giornalisti 2.0<\/em>&nbsp;nasce con l&#8217;obiettivo di portare&nbsp;<strong>indipendenza, trasparenza e innovazione<\/strong>all&#8217;interno dell&#8217;Ordine, superando logiche partitiche e garantendo una reale rappresentanza ai professionisti del settore. Il programma presentato dalle liste autonome affronta i problemi pi\u00f9 urgenti della categoria, tra cui:<\/p>\n\n\n\n<p>\u2022&nbsp;<strong>Tutela dei diritti dei giornalisti freelance e precari<\/strong>, spesso dimenticati dalle istituzioni;<\/p>\n\n\n\n<p>\u2022&nbsp;<strong>Formazione continua e aggiornamento digitale<\/strong>, per adeguarsi alle nuove sfide del giornalismo;<\/p>\n\n\n\n<p>\u2022&nbsp;<strong>Maggiore trasparenza nella gestione dell&#8217;Ordine<\/strong>, con l&#8217;obiettivo di rafforzare la fiducia degli iscritti;<\/p>\n\n\n\n<p>\u2022&nbsp;<strong>Sostegno all&#8217;editoria indipendente e alle piccole realt\u00e0 giornalistiche<\/strong>, per garantire un&#8217;informazione libera e pluralista;<\/p>\n\n\n\n<p>\u2022&nbsp;<strong>Istituzione di una Commissione Antimolestie<\/strong>, per proteggere la dignit\u00e0 e i diritti dei giornalisti sul luogo di lavoro.<\/p>\n\n\n\n<p><strong>Le dichiarazioni dei candidati<\/strong><\/p>\n\n\n\n<p>, sottolinea l&#8217;importanza di questa sfida:<\/p>\n\n\n\n<p>&#8220;La nostra candidatura con liste autonome rappresenta un passo decisivo per portare le istanze dei giornalisti nelle sedi istituzionali dell&#8217;Ordine \u2013 afferma, sottolineando l\u2019importanza di questa sfida,&nbsp;<strong>Maurizio Pizzuto,<\/strong>&nbsp;<strong>Presidente di Giornalisti 2.0 e capolista per il Consiglio Regionale e Nazionale &#8211;<\/strong>vogliamo costruire un sistema che non sia pi\u00f9 ostaggio di vecchie logiche di potere, ma che metta al centro le esigenze&nbsp;reali della categoria. Questa \u00e8 un&#8217;opportunit\u00e0 storica per tutti i colleghi che vogliono cambiare il futuro del giornalismo.&#8221;<\/p>\n\n\n\n<p>ribadisce il valore del progetto:<\/p>\n\n\n\n<p>&#8220;Non possiamo pi\u00f9 permetterci di avere un Ordine dei Giornalisti scollegato dalla realt\u00e0 \u2013 \u00e8 quanto dice, ribadendo il valore del progetto,&nbsp;<strong>Maurizio Lozzi,<\/strong>&nbsp;<strong>Vice Presidente di Giornalisti 2.0 e Consigliere uscente dell&#8217;Ordine dei Giornalisti del Lazio<\/strong>,<\/p>\n\n\n\n<p>il nostro obiettivo \u00e8 garantire pi\u00f9 diritti, pi\u00f9 formazione e pi\u00f9 opportunit\u00e0 di lavoro per tutti i giornalisti. Le liste autonome di Giornalisti 2.0 sono la vera novit\u00e0 di queste elezioni e la sola alternativa credibile per chi crede nel cambiamento.&#8221;<\/p>\n\n\n\n<p><strong>Un voto per il futuro del giornalismo<\/strong><\/p>\n\n\n\n<p>Le elezioni del 19, 20 e 23 marzo 2025 saranno un banco di prova fondamentale per il giornalismo italiano.&nbsp;<em>Giornalisti 2.0<\/em>&nbsp;si propone come una voce indipendente e concreta, capace di dare risposte ai problemi della categoria.<\/p>\n\n\n\n<p>Partecipare al voto significa scegliere un Ordine dei Giornalisti pi\u00f9 inclusivo, moderno e trasparente. Il cambiamento \u00e8 possibile, ma solo con il contributo di tutti.<\/p>\n\n\n\n<p><strong>Il futuro della professione dipende da te. Il 19, 20 e 23 marzo vota Giornalisti 2.0.<\/strong><\/p>\n\n\n\n<p><strong>ECCO CHI VOTARE:<\/strong><\/p>\n\n\n\n<p><strong>CONSIGLIO REGIONALE Professionisti:<\/strong><\/p>\n\n\n\n<p><strong>MAURIZIO &nbsp; PIZZUTO<\/strong>&#8211; DIRETTORE AGENZIA PPN PRIMA PAGINA NEWS \u2013 PRESIDENTE GIORNALISTI 2.0<\/p>\n\n\n\n<p><strong>CAROLA CARULLI \u2013<\/strong>&nbsp;RAI TG 2 \u2013 VICE PRESIDENTE GIORNALISTI 2.0<\/p>\n\n\n\n<p><strong>ANGELO PERFETTI<\/strong>&nbsp;\u2013 DIRETTORE IL FARO ONLINE<\/p>\n\n\n\n<p><strong>ANTONIO ALBANESE \u2013&nbsp;<\/strong>DIRETTORE AGC COMMUNICATION<\/p>\n\n\n\n<p><strong>STEFANO DI SCANNO \u2013&nbsp;<\/strong>CONDUTTORE RADIO UCI (Utilit\u00e0, Chiarezza e Inclusione sociale)<\/p>\n\n\n\n<p><strong>MARINA MINGARELLI&nbsp;<\/strong><strong>&#8211;<\/strong>&nbsp;&nbsp;IL&nbsp;MESSAGGERO<\/p>\n\n\n\n<p><strong>COLLEGIO REGIONALE DEI REVISORI DEI CONTI<\/strong><\/p>\n\n\n\n<p><strong>MARCEL VULPIS<\/strong>&nbsp;\u2013 DIRETTORE AGENZIA DI STAMPA SPORTECONOMY<\/p>\n\n\n\n<p><strong>CONSIGLIO REGIONALE Pubblicisti:<\/strong><\/p>\n\n\n\n<p><strong>MAURIZIO LOZZI \u2013&nbsp;<\/strong>CONSIGLIERE ODG USCENTE \u2013 V.PRES. GIORNALISTI 2.0<\/p>\n\n\n\n<p><strong>DANIELA CHESSA&nbsp;<\/strong><strong>\u2013 &nbsp;<\/strong>UFFICIO&nbsp;STAMPA E CEO DELLA ETRA MANAGEMENT<\/p>\n\n\n\n<p><strong>TOMMASO POLIDORO \u2013&nbsp;<\/strong>CONS. NAZIONALE FNSI \u2013 CONS. GIORNALISTI 2.0<\/p>\n\n\n\n<p><strong>COLLEGIO REGIONALE DEI REVISORI DEI CONTI<\/strong><\/p>\n\n\n\n<p><strong>PAOLA PALMIERI \u2013&nbsp;<\/strong>REVISORE DEI CONTI USCENTE<\/p>\n\n\n\n<p><strong>CONSIGLIO NAZIONALE Professionisti:<\/strong><\/p>\n\n\n\n<p><strong>MAURIZIO PIZZUTO \u2013&nbsp;<\/strong>DIRETTORE AGENZIA PRIMA PAGINA NEWS \u2013 PRESIDENTE GIORNALISTI 2.0<\/p>\n\n\n\n<p><strong>PATRIZIA ANGELINI &nbsp; &#8211;&nbsp;<\/strong>RAI TG 1<\/p>\n\n\n\n<p><strong>DIEGO ANGELINO \u2013<\/strong>&nbsp;COORD. REDAZIONE EQU TV<\/p>\n\n\n\n<p><strong>ALDO TORCHIARO \u2013&nbsp;<\/strong>IL RIFORMISTA<\/p>\n\n\n\n<p><strong>CONSIGLIO NAZIONALE Pubblicisti:<\/strong><\/p>\n\n\n\n<p><strong>RODOLFO MARTINELLI CARRARESI \u2013&nbsp;<\/strong>V.PRES. ASSOCIAZIONE STAMPA ROMANA \u2013 SEGR. \u201cGIORNALISTI 2.0\u201d<\/p>\n\n\n\n<figure class=\"wp-block-image size-large\"><img loading=\"lazy\" decoding=\"async\" width=\"1024\" height=\"1024\" src=\"https:\/\/informazione365.net\/wp-content\/uploads\/2025\/02\/g2-1024x1024.jpg\" alt=\"\" class=\"wp-image-4277\" srcset=\"https:\/\/informazione365.net\/wp-content\/uploads\/2025\/02\/g2-1024x1024.jpg 1024w, https:\/\/informazione365.net\/wp-content\/uploads\/2025\/02\/g2-300x300.jpg 300w, https:\/\/informazione365.net\/wp-content\/uploads\/2025\/02\/g2-150x150.jpg 150w, https:\/\/informazione365.net\/wp-content\/uploads\/2025\/02\/g2-768x768.jpg 768w, https:\/\/informazione365.net\/wp-content\/uploads\/2025\/02\/g2-1536x1536.jpg 1536w, https:\/\/informazione365.net\/wp-content\/uploads\/2025\/02\/g2.jpg 1600w\" sizes=\"auto, (max-width: 1024px) 100vw, 1024px\" \/><\/figure>\n","protected":false},"excerpt":{"rendered":"<p>Giornalismo e innovazione: il 19 e 20 marzo online e il 23 in presenza, una nuova era per l\u2019ODG.&nbsp;Stavolta si cambia davvero. Il 19 e 20 marzo 2025, con voto telematico tramite SPID, e il 23 marzo 2025, con voto in presenza presso il Centro Sportivo Acqua Acetosa &#8220;Giulio Onesti&#8221; a Roma,&nbsp;in Largo Giulio Onesti, &hellip;<\/p>\n","protected":false},"author":1,"featured_media":4291,"comment_status":"open","ping_status":"open","sticky":false,"template":"","format":"standard","meta":{"footnotes":""},"categories":[3,388,28],"tags":[444,887,492,1532,1530,891,890,1531,17],"class_list":["post-4290","post","type-post","status-publish","format-standard","has-post-thumbnail","hentry","category-attualita","category-curiosita","category-promo","tag-elezioni","tag-giornalisti","tag-italia","tag-marzo","tag-novita","tag-odg","tag-ordine","tag-riforma","tag-roma"],"_links":{"self":[{"href":"https:\/\/informazione365.net\/index.php\/wp-json\/wp\/v2\/posts\/4290","targetHints":{"allow":["GET"]}}],"collection":[{"href":"https:\/\/informazione365.net\/index.php\/wp-json\/wp\/v2\/posts"}],"about":[{"href":"https:\/\/informazione365.net\/index.php\/wp-json\/wp\/v2\/types\/post"}],"author":[{"embeddable":true,"href":"https:\/\/informazione365.net\/index.php\/wp-json\/wp\/v2\/users\/1"}],"replies":[{"embeddable":true,"href":"https:\/\/informazione365.net\/index.php\/wp-json\/wp\/v2\/comments?post=4290"}],"version-history":[{"count":1,"href":"https:\/\/informazione365.net\/index.php\/wp-json\/wp\/v2\/posts\/4290\/revisions"}],"predecessor-version":[{"id":4292,"href":"https:\/\/informazione365.net\/index.php\/wp-json\/wp\/v2\/posts\/4290\/revisions\/4292"}],"wp:featuredmedia":[{"embeddable":true,"href":"https:\/\/informazione365.net\/index.php\/wp-json\/wp\/v2\/media\/4291"}],"wp:attachment":[{"href":"https:\/\/informazione365.net\/index.php\/wp-json\/wp\/v2\/media?parent=4290"}],"wp:term":[{"taxonomy":"category","embeddable":true,"href":"https:\/\/informazione365.net\/index.php\/wp-json\/wp\/v2\/categories?post=4290"},{"taxonomy":"post_tag","embeddable":true,"href":"https:\/\/informazione365.net\/index.php\/wp-json\/wp\/v2\/tags?post=4290"}],"curies":[{"name":"wp","href":"https:\/\/api.w.org\/{rel}","templated":true}]}}