{"id":4147,"date":"2024-12-23T16:53:25","date_gmt":"2024-12-23T16:53:25","guid":{"rendered":"https:\/\/informazione365.net\/?p=4147"},"modified":"2024-12-23T16:53:26","modified_gmt":"2024-12-23T16:53:26","slug":"calendario-2025-di-giornalisti-2-0-un-anno-di-innovazione-e-dedizione-al-giornalismo","status":"publish","type":"post","link":"https:\/\/informazione365.net\/index.php\/2024\/12\/23\/calendario-2025-di-giornalisti-2-0-un-anno-di-innovazione-e-dedizione-al-giornalismo\/","title":{"rendered":"CALENDARIO 2025 DI GIORNALISTI 2.0 &#8211; Un anno di innovazione e dedizione al giornalismo"},"content":{"rendered":"\n<p><em><br>L&#8217;Associazione di categoria Giornalisti\u00a02.0 \u00a0lancia\u00a0il\u00a0calendario 2025, una celebrazione visiva e simbolica del giornalismo. Disponibile da oggi, il calendario unisce immagini iconiche e messaggi d&#8217;ispirazione per i professionisti e gli appassionati del settore.<\/em><\/p>\n\n\n\n<p>L&#8217;Associazione di categoria Giornalisti\u00a02.0 \u00a0lancia\u00a0ufficiale\u00a0il suo Calendario 2025, un&#8217;opera che celebra il giornalismo, la sua evoluzione e il contributo essenziale che offre alla societ\u00e0.\u00a0 Il calendario 2025 \u00e8 pi\u00f9 di un semplice oggetto da appendere al muro: \u00e8 un viaggio attraverso immagini straordinarie e messaggi significativi che incarnano i valori del giornalismo, come l&#8217;innovazione, l&#8217;integrit\u00e0 e la resilienza. Ogni mese offre una riflessione visiva e testuale sul ruolo cruciale dell&#8217;informazione di qualit\u00e0, accompagnata da citazioni ispiratrici di figure chiave del settore.<\/p>\n\n\n\n<p><strong><em>&#8220;Il nostro calendario 2025 non \u00e8 solo un prodotto da consultare \u2013 afferma Maurizio Pizzuto, presidente dell&#8217;Associazione Giornalisti 2.0 &#8211; ma un manifesto visivo che racconta la nostra passione per il giornalismo e il suo impatto positivo nella societ\u00e0. Ogni pagina \u00e8 un invito a riflettere sull&#8217;importanza della verit\u00e0, dell&#8217;etica e dell&#8217;innovazione nel nostro lavoro quotidiano. Siamo orgogliosi di condividerlo con i nostri colleghi e con chiunque creda nel valore di un&#8217;informazione libera e responsabile.&#8221;<\/em><\/strong><\/p>\n\n\n\n<p>Il&nbsp;<strong>Calendario 2025<\/strong><strong>&nbsp;di Giornalisti 2.0<\/strong>&nbsp;sar\u00e0 disponibile sul sito ufficiale dell&#8217;Associazione e distribuito durante gli eventi e le iniziative previste,&nbsp;rappresentando cos\u00ec un ponte tra i professionisti del settore e il pubblico che riconosce l&#8217;importanza dell&#8217;informazione libera e responsabile.<\/p>\n\n\n\n<figure class=\"wp-block-image size-large\"><img loading=\"lazy\" decoding=\"async\" width=\"736\" height=\"1024\" src=\"https:\/\/informazione365.net\/wp-content\/uploads\/2024\/12\/gio-1-736x1024.jpg\" alt=\"\" class=\"wp-image-4148\" srcset=\"https:\/\/informazione365.net\/wp-content\/uploads\/2024\/12\/gio-1-736x1024.jpg 736w, https:\/\/informazione365.net\/wp-content\/uploads\/2024\/12\/gio-1-216x300.jpg 216w, https:\/\/informazione365.net\/wp-content\/uploads\/2024\/12\/gio-1-768x1069.jpg 768w, https:\/\/informazione365.net\/wp-content\/uploads\/2024\/12\/gio-1-1104x1536.jpg 1104w, https:\/\/informazione365.net\/wp-content\/uploads\/2024\/12\/gio-1.jpg 1170w\" sizes=\"auto, (max-width: 736px) 100vw, 736px\" \/><figcaption class=\"wp-element-caption\">Screenshot<\/figcaption><\/figure>\n\n\n\n<figure class=\"wp-block-image size-large\"><img loading=\"lazy\" decoding=\"async\" width=\"728\" height=\"1024\" src=\"https:\/\/informazione365.net\/wp-content\/uploads\/2024\/12\/gio2-728x1024.jpg\" alt=\"\" class=\"wp-image-4149\" srcset=\"https:\/\/informazione365.net\/wp-content\/uploads\/2024\/12\/gio2-728x1024.jpg 728w, https:\/\/informazione365.net\/wp-content\/uploads\/2024\/12\/gio2-213x300.jpg 213w, https:\/\/informazione365.net\/wp-content\/uploads\/2024\/12\/gio2-768x1080.jpg 768w, https:\/\/informazione365.net\/wp-content\/uploads\/2024\/12\/gio2-1092x1536.jpg 1092w, https:\/\/informazione365.net\/wp-content\/uploads\/2024\/12\/gio2.jpg 1138w\" sizes=\"auto, (max-width: 728px) 100vw, 728px\" \/><\/figure>\n","protected":false},"excerpt":{"rendered":"<p>L&#8217;Associazione di categoria Giornalisti\u00a02.0 \u00a0lancia\u00a0il\u00a0calendario 2025, una celebrazione visiva e simbolica del giornalismo. Disponibile da oggi, il calendario unisce immagini iconiche e messaggi d&#8217;ispirazione per i professionisti e gli appassionati del settore. L&#8217;Associazione di categoria Giornalisti\u00a02.0 \u00a0lancia\u00a0ufficiale\u00a0il suo Calendario 2025, un&#8217;opera che celebra il giornalismo, la sua evoluzione e il contributo essenziale che offre alla &hellip;<\/p>\n","protected":false},"author":1,"featured_media":4149,"comment_status":"open","ping_status":"open","sticky":false,"template":"","format":"standard","meta":{"footnotes":""},"categories":[3,388,28],"tags":[1409,1327,1410,1081,1295,887,1407,1111,1408,1406,17],"class_list":["post-4147","post","type-post","status-publish","format-standard","has-post-thumbnail","hentry","category-attualita","category-curiosita","category-promo","tag-1409","tag-associazione","tag-calendario","tag-categoria","tag-giornalismo","tag-giornalisti","tag-giornalisti-2-0","tag-innovazione","tag-pizzuto","tag-resilienza","tag-roma"],"_links":{"self":[{"href":"https:\/\/informazione365.net\/index.php\/wp-json\/wp\/v2\/posts\/4147","targetHints":{"allow":["GET"]}}],"collection":[{"href":"https:\/\/informazione365.net\/index.php\/wp-json\/wp\/v2\/posts"}],"about":[{"href":"https:\/\/informazione365.net\/index.php\/wp-json\/wp\/v2\/types\/post"}],"author":[{"embeddable":true,"href":"https:\/\/informazione365.net\/index.php\/wp-json\/wp\/v2\/users\/1"}],"replies":[{"embeddable":true,"href":"https:\/\/informazione365.net\/index.php\/wp-json\/wp\/v2\/comments?post=4147"}],"version-history":[{"count":1,"href":"https:\/\/informazione365.net\/index.php\/wp-json\/wp\/v2\/posts\/4147\/revisions"}],"predecessor-version":[{"id":4150,"href":"https:\/\/informazione365.net\/index.php\/wp-json\/wp\/v2\/posts\/4147\/revisions\/4150"}],"wp:featuredmedia":[{"embeddable":true,"href":"https:\/\/informazione365.net\/index.php\/wp-json\/wp\/v2\/media\/4149"}],"wp:attachment":[{"href":"https:\/\/informazione365.net\/index.php\/wp-json\/wp\/v2\/media?parent=4147"}],"wp:term":[{"taxonomy":"category","embeddable":true,"href":"https:\/\/informazione365.net\/index.php\/wp-json\/wp\/v2\/categories?post=4147"},{"taxonomy":"post_tag","embeddable":true,"href":"https:\/\/informazione365.net\/index.php\/wp-json\/wp\/v2\/tags?post=4147"}],"curies":[{"name":"wp","href":"https:\/\/api.w.org\/{rel}","templated":true}]}}