{"id":4091,"date":"2024-12-07T17:31:50","date_gmt":"2024-12-07T17:31:50","guid":{"rendered":"https:\/\/informazione365.net\/?p=4091"},"modified":"2024-12-07T17:31:50","modified_gmt":"2024-12-07T17:31:50","slug":"bernini-e-la-pittura-del-600-la-carrozza-berniniana-del-cardinal-chigi-inaugurate-le-due-mostre-ad-ariccia","status":"publish","type":"post","link":"https:\/\/informazione365.net\/index.php\/2024\/12\/07\/bernini-e-la-pittura-del-600-la-carrozza-berniniana-del-cardinal-chigi-inaugurate-le-due-mostre-ad-ariccia\/","title":{"rendered":"BERNINI E LA PITTURA DEL &#8216;600&#8230; LA CARROZZA BERNINIANA DEL CARDINAL CHIGI &#8211; Inaugurate le due mostre ad Ariccia"},"content":{"rendered":"\n<p>Inaugurata a Palazzo Chigi ad Ariccia, la mostra \u201cBernini e la pittura del \u2018600. Dipinti dalla Collezione Koelliker\u201d nella quale sono esposti i dipinti di Giovan Lorenzo Bernini appartenenti alla Collezione Koelliker, una delle pi\u00f9 importanti collezioni private d\u2019arte italiana al mondo. Inaugurata anche la mostra \u201cLa carrozza berniniana del Cardinal Chigi\u201d, a cura di Francesco Petrucci con il sostegno di Fondazione Cassa dei Risparmi di Forl\u00ec Verdini Antichit\u00e0, Roma. L&#8217;esposizione \u00e8 dedicata a un settore poco esplorato della produzione del Bernini nel campo delle arti decorative, quello della progettazione di carrozze. Entrambe le mostre saranno aperte al pubblico fino al 18 maggio 2025.&nbsp;<\/p>\n\n\n\n<p>Alle inaugurazioni era presente il Sindaco di Ariccia, Gianluca Staccoli oltre a diversi membri della Giunta e del Consiglio Comunale.\u00a0 \u201cSono orgoglioso dell\u2019apertura di queste due mostre che celebrano il genio di Bernini e la sua influenza nell&#8217;arte del \u2018600. La Collezione Koelliker offre un&#8217;opportunit\u00e0 unica di ammirare opere straordinarie, mentre la carrozza del Cardinal Chigi ci permette di esplorare un aspetto meno conosciuto del nostro patrimonio culturale. Invito tutti a visitare Palazzo Chigi e a scoprire queste meraviglie\u201d. \u2013 Ha commentato il Sindaco di Ariccia, Gianluca Staccoli.<\/p>\n\n\n\n<figure class=\"wp-block-image size-large\"><img loading=\"lazy\" decoding=\"async\" width=\"911\" height=\"1024\" src=\"https:\/\/informazione365.net\/wp-content\/uploads\/2024\/12\/ar2-911x1024.jpg\" alt=\"\" class=\"wp-image-4093\" srcset=\"https:\/\/informazione365.net\/wp-content\/uploads\/2024\/12\/ar2-911x1024.jpg 911w, https:\/\/informazione365.net\/wp-content\/uploads\/2024\/12\/ar2-267x300.jpg 267w, https:\/\/informazione365.net\/wp-content\/uploads\/2024\/12\/ar2-768x863.jpg 768w, https:\/\/informazione365.net\/wp-content\/uploads\/2024\/12\/ar2-1367x1536.jpg 1367w, https:\/\/informazione365.net\/wp-content\/uploads\/2024\/12\/ar2.jpg 1424w\" sizes=\"auto, (max-width: 911px) 100vw, 911px\" \/><\/figure>\n\n\n\n<figure class=\"wp-block-image size-large\"><img loading=\"lazy\" decoding=\"async\" width=\"1024\" height=\"780\" src=\"https:\/\/informazione365.net\/wp-content\/uploads\/2024\/12\/ar3-1024x780.jpg\" alt=\"\" class=\"wp-image-4094\" srcset=\"https:\/\/informazione365.net\/wp-content\/uploads\/2024\/12\/ar3-1024x780.jpg 1024w, https:\/\/informazione365.net\/wp-content\/uploads\/2024\/12\/ar3-300x228.jpg 300w, https:\/\/informazione365.net\/wp-content\/uploads\/2024\/12\/ar3-768x585.jpg 768w, https:\/\/informazione365.net\/wp-content\/uploads\/2024\/12\/ar3-1536x1169.jpg 1536w, https:\/\/informazione365.net\/wp-content\/uploads\/2024\/12\/ar3.jpg 1600w\" sizes=\"auto, (max-width: 1024px) 100vw, 1024px\" \/><\/figure>\n\n\n\n<figure class=\"wp-block-image size-large\"><img loading=\"lazy\" decoding=\"async\" width=\"1024\" height=\"790\" src=\"https:\/\/informazione365.net\/wp-content\/uploads\/2024\/12\/ar4-1024x790.jpg\" alt=\"\" class=\"wp-image-4095\" srcset=\"https:\/\/informazione365.net\/wp-content\/uploads\/2024\/12\/ar4-1024x790.jpg 1024w, https:\/\/informazione365.net\/wp-content\/uploads\/2024\/12\/ar4-300x232.jpg 300w, https:\/\/informazione365.net\/wp-content\/uploads\/2024\/12\/ar4-768x593.jpg 768w, https:\/\/informazione365.net\/wp-content\/uploads\/2024\/12\/ar4-1536x1186.jpg 1536w, https:\/\/informazione365.net\/wp-content\/uploads\/2024\/12\/ar4.jpg 1600w\" sizes=\"auto, (max-width: 1024px) 100vw, 1024px\" \/><\/figure>\n","protected":false},"excerpt":{"rendered":"<p>Inaugurata a Palazzo Chigi ad Ariccia, la mostra \u201cBernini e la pittura del \u2018600. Dipinti dalla Collezione Koelliker\u201d nella quale sono esposti i dipinti di Giovan Lorenzo Bernini appartenenti alla Collezione Koelliker, una delle pi\u00f9 importanti collezioni private d\u2019arte italiana al mondo. Inaugurata anche la mostra \u201cLa carrozza berniniana del Cardinal Chigi\u201d, a cura di &hellip;<\/p>\n","protected":false},"author":1,"featured_media":4092,"comment_status":"open","ping_status":"open","sticky":false,"template":"","format":"standard","meta":{"footnotes":""},"categories":[3,2,388,28],"tags":[980,933,1065,1353,1354,1290,1289,1143,1067],"class_list":["post-4091","post","type-post","status-publish","format-standard","has-post-thumbnail","hentry","category-attualita","category-cronaca","category-curiosita","category-promo","tag-ariccia","tag-arte","tag-bernini","tag-cardinal-chigi","tag-collezione","tag-dipinti","tag-koelliker","tag-mostra","tag-sindaco"],"_links":{"self":[{"href":"https:\/\/informazione365.net\/index.php\/wp-json\/wp\/v2\/posts\/4091","targetHints":{"allow":["GET"]}}],"collection":[{"href":"https:\/\/informazione365.net\/index.php\/wp-json\/wp\/v2\/posts"}],"about":[{"href":"https:\/\/informazione365.net\/index.php\/wp-json\/wp\/v2\/types\/post"}],"author":[{"embeddable":true,"href":"https:\/\/informazione365.net\/index.php\/wp-json\/wp\/v2\/users\/1"}],"replies":[{"embeddable":true,"href":"https:\/\/informazione365.net\/index.php\/wp-json\/wp\/v2\/comments?post=4091"}],"version-history":[{"count":1,"href":"https:\/\/informazione365.net\/index.php\/wp-json\/wp\/v2\/posts\/4091\/revisions"}],"predecessor-version":[{"id":4096,"href":"https:\/\/informazione365.net\/index.php\/wp-json\/wp\/v2\/posts\/4091\/revisions\/4096"}],"wp:featuredmedia":[{"embeddable":true,"href":"https:\/\/informazione365.net\/index.php\/wp-json\/wp\/v2\/media\/4092"}],"wp:attachment":[{"href":"https:\/\/informazione365.net\/index.php\/wp-json\/wp\/v2\/media?parent=4091"}],"wp:term":[{"taxonomy":"category","embeddable":true,"href":"https:\/\/informazione365.net\/index.php\/wp-json\/wp\/v2\/categories?post=4091"},{"taxonomy":"post_tag","embeddable":true,"href":"https:\/\/informazione365.net\/index.php\/wp-json\/wp\/v2\/tags?post=4091"}],"curies":[{"name":"wp","href":"https:\/\/api.w.org\/{rel}","templated":true}]}}