{"id":4054,"date":"2024-11-22T16:03:34","date_gmt":"2024-11-22T16:03:34","guid":{"rendered":"https:\/\/informazione365.net\/?p=4054"},"modified":"2024-11-22T16:03:34","modified_gmt":"2024-11-22T16:03:34","slug":"festa-dellalbero-ad-ariccia-celebrazione-a-palazzo-chigi","status":"publish","type":"post","link":"https:\/\/informazione365.net\/index.php\/2024\/11\/22\/festa-dellalbero-ad-ariccia-celebrazione-a-palazzo-chigi\/","title":{"rendered":"FESTA DELL&#8217;ALBERO AD ARICCIA &#8211; Celebrazione a Palazzo Chigi"},"content":{"rendered":"\n<p>Gioved\u00ec 21 novembre, il suggestivo Palazzo Chigi ha ospitato la tradizionale Festa dell\u2019Albero di Ariccia, quest\u2019anno incentrata sul tema \u201cAlbero-uomo, radici comuni per un legame di vita\u201d. L\u2019evento, simbolo di educazione ambientale e valorizzazione del patrimonio naturale, ha visto la partecipazione di numerose autorit\u00e0 locali, studenti delle scuole dei Castelli Romani, esperti botanici e naturalisti, e rappresentanti del Parco dei Castelli Romani.<\/p>\n\n\n\n<p>La giornata ha preso il via con i saluti istituzionali, seguiti dagli interventi degli alunni, che hanno presentato riflessioni e proposte per il recupero e la valorizzazione dell\u2019area verde di Colle Pardo, un autentico polmone verde del territorio. Presenti all\u2019iniziativa il Sindaco di Ariccia Gianluca Staccoli, le Consigliere comunali Anita Luciano e Irene Falcone e il Commissario del Parco dei Castelli Romani, Avv. Ivan Boccali che ha portato il saluto dell&#8217;Ente ai giovani partecipanti invitandoli a continuare a mantenere vivo l&#8217;interesse per il territorio, spronandoli anche a chiedere all&#8217;Amministrazione maggior cura e investimento per il verde urbano, perch\u00e9 l&#8217;ambiente venga rispettato e riconosciuto nel proprio valore in ogni spazio possibile, incluse le citt\u00e0. Il Commissario ha poi parlato dei tagli boschivi nel Parco, ricordando che i tagli vengono svolti sui castagni governati a ceduo, introdotti nei Castelli Romani proprio a questo scopo, sottolineando che l&#8217;Ente svolge il proprio ruolo nella gestione del patrimonio forestale muovendosi all&#8217;interno dei criteri previsti dalle normative di riferimento.<\/p>\n\n\n\n<p>\u201cLa Festa dell\u2019Albero rappresenta un momento di connessione tra la nostra comunit\u00e0 e il patrimonio naturale che ci circonda \u2013 ha commentato Irene Falcone \u2013 coinvolgere le scuole \u00e8 fondamentale per costruire una coscienza ecologica che rispetti e celebri la natura, garantendo un futuro sostenibile. Ringrazio per la sua costante &nbsp;presenza il Commissario dell&#8217;Ente Parco, Ivan Boccali&#8221;.<\/p>\n\n\n\n<p>\u201cQuesta Festa \u00e8 fondamentale per riflettere su ci\u00f2 che gli alberi rappresentano nelle nostre vite, sul profondo legame che ci unisce alla natura e alla nostra comunit\u00e0. Il tema di quest\u2019anno, \u2018Albero-uomo, radici comuni per un legame di vita\u2019, \u00e8 una chiamata all\u2019azione e alla riflessione su come viviamo il nostro rapporto con l\u2019ambiente e con gli altri.<\/p>\n\n\n\n<p>La presenza del Parco dei Castelli Romani, rappresentato dal Commissario Ivan Boccali e dell\u2019Associazione Colle Pardo con il presidente Maurizio Biaggi, ci ricorda che dietro ogni bosco protetto, dietro ogni sentiero preservato, ci sono persone, volontari che dedicano tempo e cuore per il bene comune. \u00c8 grazie al loro impegno costante se Colle Pardo \u00e8 ancora un luogo di bellezza, di pace e soprattutto di biodiversit\u00e0, dove possiamo riscoprire un autentico contatto con la natura. A tutti loro va il nostro pi\u00f9 sincero e profondo ringraziamento\u201d. &#8211; Ha dichiarato Anita Luciano. Il presidente dell\u2019Associazione Collepardo, Dott. Maurizio Biaggi, ha voluto ringraziare tutti i partecipanti: \u201cQuesta \u00e8 una giornata speciale per riscoprire e consolidare il legame tra uomo, albero e natura. Le richieste dei ragazzi ci spronano a impegnarci nel recupero e nella valorizzazione di luoghi come Colle Pardo, autentici tesori del nostro territorio. Un grazie particolare al Sindaco, alle Consigliere Luciano e Falcone e al Presidente del Parco dei Castelli Romani, Ivan Boccali, per il loro sostegno\u201d. &#8220;L&#8217;Amministrazione comunale \u00e8 stata entusiasta di ospitare la Festa dell&#8217;Albero presso il nostro amato Palazzo Chigi. Questo evento rappresenta un&#8217;importante occasione per riflettere sul legame tra l&#8217;uomo e la natura e la partecipazione delle scuole e degli esperti del settore eco\/ambientale sottolinea l&#8217;importanza di educare le nuove generazioni alla sostenibilit\u00e0 e alla cura del nostro ambiente. Sono soddisfatto della partecipazione cittadina alla celebrazione, in quanto questo ha rafforzato e promosso la cultura del rispetto e della protezione della natura&#8221;. &#8211; Ha dichiarato il Sindaco di Ariccia, Gianluca Staccoli.<\/p>\n\n\n\n<figure class=\"wp-block-image size-large\"><img loading=\"lazy\" decoding=\"async\" width=\"1024\" height=\"615\" src=\"https:\/\/informazione365.net\/wp-content\/uploads\/2024\/11\/ar-2-1024x615.jpg\" alt=\"\" class=\"wp-image-4055\" srcset=\"https:\/\/informazione365.net\/wp-content\/uploads\/2024\/11\/ar-2-1024x615.jpg 1024w, https:\/\/informazione365.net\/wp-content\/uploads\/2024\/11\/ar-2-300x180.jpg 300w, https:\/\/informazione365.net\/wp-content\/uploads\/2024\/11\/ar-2-768x461.jpg 768w, https:\/\/informazione365.net\/wp-content\/uploads\/2024\/11\/ar-2.jpg 1290w\" sizes=\"auto, (max-width: 1024px) 100vw, 1024px\" \/><\/figure>\n","protected":false},"excerpt":{"rendered":"<p>Gioved\u00ec 21 novembre, il suggestivo Palazzo Chigi ha ospitato la tradizionale Festa dell\u2019Albero di Ariccia, quest\u2019anno incentrata sul tema \u201cAlbero-uomo, radici comuni per un legame di vita\u201d. L\u2019evento, simbolo di educazione ambientale e valorizzazione del patrimonio naturale, ha visto la partecipazione di numerose autorit\u00e0 locali, studenti delle scuole dei Castelli Romani, esperti botanici e naturalisti, &hellip;<\/p>\n","protected":false},"author":1,"featured_media":4055,"comment_status":"open","ping_status":"open","sticky":false,"template":"","format":"standard","meta":{"footnotes":""},"categories":[3,388,28],"tags":[1319,980,1008,519,1288,17,1067],"class_list":["post-4054","post","type-post","status-publish","format-standard","has-post-thumbnail","hentry","category-attualita","category-curiosita","category-promo","tag-albero","tag-ariccia","tag-castelli","tag-festa","tag-palazzo-chigi","tag-roma","tag-sindaco"],"_links":{"self":[{"href":"https:\/\/informazione365.net\/index.php\/wp-json\/wp\/v2\/posts\/4054","targetHints":{"allow":["GET"]}}],"collection":[{"href":"https:\/\/informazione365.net\/index.php\/wp-json\/wp\/v2\/posts"}],"about":[{"href":"https:\/\/informazione365.net\/index.php\/wp-json\/wp\/v2\/types\/post"}],"author":[{"embeddable":true,"href":"https:\/\/informazione365.net\/index.php\/wp-json\/wp\/v2\/users\/1"}],"replies":[{"embeddable":true,"href":"https:\/\/informazione365.net\/index.php\/wp-json\/wp\/v2\/comments?post=4054"}],"version-history":[{"count":1,"href":"https:\/\/informazione365.net\/index.php\/wp-json\/wp\/v2\/posts\/4054\/revisions"}],"predecessor-version":[{"id":4056,"href":"https:\/\/informazione365.net\/index.php\/wp-json\/wp\/v2\/posts\/4054\/revisions\/4056"}],"wp:featuredmedia":[{"embeddable":true,"href":"https:\/\/informazione365.net\/index.php\/wp-json\/wp\/v2\/media\/4055"}],"wp:attachment":[{"href":"https:\/\/informazione365.net\/index.php\/wp-json\/wp\/v2\/media?parent=4054"}],"wp:term":[{"taxonomy":"category","embeddable":true,"href":"https:\/\/informazione365.net\/index.php\/wp-json\/wp\/v2\/categories?post=4054"},{"taxonomy":"post_tag","embeddable":true,"href":"https:\/\/informazione365.net\/index.php\/wp-json\/wp\/v2\/tags?post=4054"}],"curies":[{"name":"wp","href":"https:\/\/api.w.org\/{rel}","templated":true}]}}