{"id":4033,"date":"2024-11-19T10:31:29","date_gmt":"2024-11-19T10:31:29","guid":{"rendered":"https:\/\/informazione365.net\/?p=4033"},"modified":"2024-11-19T10:31:30","modified_gmt":"2024-11-19T10:31:30","slug":"premio-di-cultura-sportiva-beppe-viola-giunge-alla-sua-41a-edizione","status":"publish","type":"post","link":"https:\/\/informazione365.net\/index.php\/2024\/11\/19\/premio-di-cultura-sportiva-beppe-viola-giunge-alla-sua-41a-edizione\/","title":{"rendered":"Premio di Cultura Sportiva Beppe Viola giunge alla sua 41\u00aa edizione"},"content":{"rendered":"\n<p>Conferenza stampa di presentazione gioved\u00ec 21 novembre 2024 alle ore 11 presso la sala \u201cPaolo Rossi\u201d della FIGC, in via Gregorio Allegri 14, Roma, con Gabriele Gravina, Giovanni Malag\u00f2, \u00a0Raffaele Minichino e Bruno Molea<\/p>\n\n\n\n<p>Il prestigioso Premio di Cultura Sportiva Beppe Viola giunge alla sua 41\u00aa edizione, confermandosi un punto di riferimento per il riconoscimento di eccellenze nel mondo dello sport e del giornalismo. A inaugurare ufficialmente questa edizione sar\u00e0 il Presidente della FIGC, Gabriele Gravina, con il Presidente del Coni, Giovanni Malag\u00f2 insieme a Raffaele Minichino, presidente dell\u2019Associazione Beppe Viola, e Bruno Molea, presidente dell\u2019AICS (Associazione Italiana Cultura e Sport). Nel corso dell\u2019evento, verranno illustrate le novit\u00e0 del premio e annunciati i nomi dei dieci vincitori che riceveranno il prestigioso riconoscimento per essersi distinti nel 2024 per impegno, dedizione e passione.<\/p>\n\n\n\n<p>Il Premio Beppe Viola, intitolato a uno dei pi\u00f9 grandi giornalisti sportivi italiani, celebra da oltre quarant\u2019anni personalit\u00e0 che hanno lasciato un segno indelebile nel mondo dello sport e del giornalismo, riaffermando il valore culturale e sociale dello sport nella societ\u00e0 contemporanea. La cerimonia ufficiale di consegna dei premi si terr\u00e0 luned\u00ec 25 novembre 2024, alle ore 11, presso il Salone d\u2019Onore del CONI, in piazza Lauro de Bosis, Roma. I media sono invitati a partecipare alla conferenza stampa per scoprire in anteprima i protagonisti di questa edizione e le sorprese che caratterizzeranno il programma.<\/p>\n\n\n\n<p>Informazioni:<\/p>\n\n\n\n<p>Segreteria Organizzativa Premio Beppe Viola<\/p>\n\n\n\n<p>Email: r.minichino25@gmail.com<\/p>\n\n\n\n<figure class=\"wp-block-image size-full\"><img loading=\"lazy\" decoding=\"async\" width=\"380\" height=\"208\" src=\"https:\/\/informazione365.net\/wp-content\/uploads\/2024\/11\/vi2.jpg\" alt=\"\" class=\"wp-image-4035\" srcset=\"https:\/\/informazione365.net\/wp-content\/uploads\/2024\/11\/vi2.jpg 380w, https:\/\/informazione365.net\/wp-content\/uploads\/2024\/11\/vi2-300x164.jpg 300w\" sizes=\"auto, (max-width: 380px) 100vw, 380px\" \/><\/figure>\n","protected":false},"excerpt":{"rendered":"<p>Conferenza stampa di presentazione gioved\u00ec 21 novembre 2024 alle ore 11 presso la sala \u201cPaolo Rossi\u201d della FIGC, in via Gregorio Allegri 14, Roma, con Gabriele Gravina, Giovanni Malag\u00f2, \u00a0Raffaele Minichino e Bruno Molea Il prestigioso Premio di Cultura Sportiva Beppe Viola giunge alla sua 41\u00aa edizione, confermandosi un punto di riferimento per il riconoscimento &hellip;<\/p>\n","protected":false},"author":1,"featured_media":4034,"comment_status":"open","ping_status":"open","sticky":false,"template":"","format":"standard","meta":{"footnotes":""},"categories":[3,388,4],"tags":[1205,480,1298,1299,1295,1297,1296,527],"class_list":["post-4033","post","type-post","status-publish","format-standard","has-post-thumbnail","hentry","category-attualita","category-curiosita","category-sport","tag-beppe-viola","tag-calcio","tag-coni","tag-figc","tag-giornalismo","tag-gravina","tag-malago","tag-sport"],"_links":{"self":[{"href":"https:\/\/informazione365.net\/index.php\/wp-json\/wp\/v2\/posts\/4033","targetHints":{"allow":["GET"]}}],"collection":[{"href":"https:\/\/informazione365.net\/index.php\/wp-json\/wp\/v2\/posts"}],"about":[{"href":"https:\/\/informazione365.net\/index.php\/wp-json\/wp\/v2\/types\/post"}],"author":[{"embeddable":true,"href":"https:\/\/informazione365.net\/index.php\/wp-json\/wp\/v2\/users\/1"}],"replies":[{"embeddable":true,"href":"https:\/\/informazione365.net\/index.php\/wp-json\/wp\/v2\/comments?post=4033"}],"version-history":[{"count":1,"href":"https:\/\/informazione365.net\/index.php\/wp-json\/wp\/v2\/posts\/4033\/revisions"}],"predecessor-version":[{"id":4036,"href":"https:\/\/informazione365.net\/index.php\/wp-json\/wp\/v2\/posts\/4033\/revisions\/4036"}],"wp:featuredmedia":[{"embeddable":true,"href":"https:\/\/informazione365.net\/index.php\/wp-json\/wp\/v2\/media\/4034"}],"wp:attachment":[{"href":"https:\/\/informazione365.net\/index.php\/wp-json\/wp\/v2\/media?parent=4033"}],"wp:term":[{"taxonomy":"category","embeddable":true,"href":"https:\/\/informazione365.net\/index.php\/wp-json\/wp\/v2\/categories?post=4033"},{"taxonomy":"post_tag","embeddable":true,"href":"https:\/\/informazione365.net\/index.php\/wp-json\/wp\/v2\/tags?post=4033"}],"curies":[{"name":"wp","href":"https:\/\/api.w.org\/{rel}","templated":true}]}}