{"id":3985,"date":"2024-11-05T16:34:14","date_gmt":"2024-11-05T16:34:14","guid":{"rendered":"https:\/\/informazione365.net\/?p=3985"},"modified":"2024-11-05T16:34:15","modified_gmt":"2024-11-05T16:34:15","slug":"slow-social-market-un-gesto-di-cuore-serata-di-gusto-e-solidarieta-al-palazzo-del-freddo","status":"publish","type":"post","link":"https:\/\/informazione365.net\/index.php\/2024\/11\/05\/slow-social-market-un-gesto-di-cuore-serata-di-gusto-e-solidarieta-al-palazzo-del-freddo\/","title":{"rendered":"SLOW SOCIAL MARKET, UN GESTO DI CUORE: Serata di gusto e solidariet\u00e0 al palazzo del Freddo"},"content":{"rendered":"\n<p>Il prossimo 14 novembre alle ore 19:00, le porte del celebre Palazzo del Freddo &#8211; Gelateria Artigianale Fassi, in Via Principe Eugenio 65-67, si apriranno per una speciale serata all\u2019insegna della solidariet\u00e0: Con il cuore nel piatto per Slow Social Market. L\u2019evento, organizzato da Slow Social Market, in collaborazione con Associazione Con il Cuore nel Piatto, Slow Food Roma, Nonna Roma e con il supporto di Gelateria Artigianale Fassi e Carol Agostini (FoodandWineAngels) sar\u00e0 un&#8217;occasione unica per unire alta cucina e sostegno alle persone in difficolt\u00e0. Pi\u00f9 di 10 chef parteciperanno all\u2019evento, allestendo postazioni culinarie in cui realizzeranno piatti gourmet per gli ospiti, che con un contributo di 50 euro potranno accedere su prenotazione via email a una serata esclusiva di degustazione. I fondi raccolti saranno interamente destinati a sostenere. Slow Social Market, l&#8217;emporio solidale nel Rione Esquilino nel quale si distribuisce cibo e beni di prima necessit\u00e0 per contrastare concretamente la povert\u00e0, rendendo accessibili prodotti di qualit\u00e0 a tutte e tutti, indistintamente dalle condizioni economiche.<\/p>\n\n\n\n<p>Cos\u2019\u00e8 Slow Social Market? Lo Slow Social Market \u00e8 stato inaugurato a dicembre 2023 e al momento supporta circa 80 famiglie, anche con minori, del I Municipio di Roma, in particolare all\u2019Esquilino, un territorio di frontiera dove, per la presenza della Stazione Termini e di diverse strutture di ospitalit\u00e0, si concentrano marginalit\u00e0 e privazione. Le richieste sono in costante aumento a causa dell\u2019acuirsi del disagio legato alla povert\u00e0 alimentare. In questo spazio si incontrano il lavoro che Nonna Roma porta avanti in vari territori periferici e l&#8217;azione di Slow Food Roma per affermare il diritto universale al cibo buono e sano, che rispetta la biodiversit\u00e0 ambientale e i lavoratori.<\/p>\n\n\n\n<p>Attivit\u00e0 di Slow Social Market L\u2019 Emporio si oppone ad un sistema alimentare iniquo e si batte per un diverso modello sociale ed economico che contrasti la povert\u00e0 e tenga insieme la lotta per la giustizia sociale e la sostenibilit\u00e0 ambientale. Si prodiga per affermare il diritto inalienabile di ogni individuo di scegliere ci\u00f2 che desidera mangiare attraverso un sistema di distribuzione che rispetti la dignit\u00e0 e garantisca l&#8217;autodeterminazione. Inoltre, \u00e8 spazio antirazzista, dedicato a Jerry Essan Masslo, rifugiato politico sudafricano che si batteva contro razzismo e schiavit\u00f9 del caporalato, vittima della criminalit\u00e0 a Villa Literno (Caserta). Siamo in un bene confiscato, sottratto alle mafie e restituito alla collettivit\u00e0. Lavoriamo in stretto contatto con i servizi sociali del Primo Municipio e con le altre realt\u00e0 del territorio.<\/p>\n\n\n\n<p>Perch\u00e9 partecipare a \u201cCon il Cuore nel piatto per Slow Social Market\u201d? Partecipare a \u201cCon il cuore nel piatto per Slow Social Market\u201d non \u00e8 solo un modo per gustare piatti gourmet, ma anche un gesto concreto di sostegno alla comunit\u00e0. Ogni piatto preparato dagli chef presenti contribuir\u00e0 a mantenere attivo l\u2019emporio solidale e a garantire cibo e beni essenziali alle famiglie assistite da Slow Social Market. Gli chef che partecipano a questa serata mettono il loro talento al servizio di una causa importante, schierandosi a favore di un sistema alimentare pi\u00f9 giusto e inclusivo. L\u2019intero ricavato della serata sar\u00e0 fondamentale per continuare a supportare le famiglie pi\u00f9 vulnerabili che ogni giorno si affidano a Slow Social Market per poter mettere un pasto in tavola. Grazie alla rete di solidariet\u00e0 che Slow Social Market ha costruito, ogni euro raccolto rappresenta un passo avanti nella creazione di una comunit\u00e0 pi\u00f9 equa e solidale.<\/p>\n\n\n\n<p>Informazioni utili:<\/p>\n\n\n\n<p>Data e ora: 14 novembre 2024, ore 19:00<\/p>\n\n\n\n<p>Luogo: Palazzo del Freddo &#8211; Gelateria Artigianale Fassi, Via Principe Eugenio, 65-67, 00185 Roma<\/p>\n\n\n\n<p>Costo di partecipazione: 50,00 \u20ac<\/p>\n\n\n\n<p>Prenotazioni ingresso evento: Obbligatorie tramite email slowsocialmarket@gmail.com<\/p>\n\n\n\n<p>Organizzato da: Slow Food Roma e Nonna Roma<\/p>\n\n\n\n<p>In collaborazione con: Associazione Con il Cuore nel Piatto<\/p>\n\n\n\n<p>Con il sostegno di Gelateria Artigianale Fassi, Carol Agostini (FoodandWineAngels), Pastificio Secondi di Mauro e Arianna Secondi<\/p>\n\n\n\n<p>Con il sostegno tecnico di S.C.IMPIANTI<\/p>\n\n\n\n<p>Partecipate per sostenere il diritto al cibo dignitoso e di qualit\u00e0 per tutte e tutti. Insieme possiamo fare la<\/p>\n\n\n\n<p>differenza!<\/p>\n\n\n\n<figure class=\"wp-block-image size-large\"><img loading=\"lazy\" decoding=\"async\" width=\"1024\" height=\"1024\" src=\"https:\/\/informazione365.net\/wp-content\/uploads\/2024\/11\/sl-1024x1024.jpg\" alt=\"\" class=\"wp-image-3986\" srcset=\"https:\/\/informazione365.net\/wp-content\/uploads\/2024\/11\/sl-1024x1024.jpg 1024w, https:\/\/informazione365.net\/wp-content\/uploads\/2024\/11\/sl-300x300.jpg 300w, https:\/\/informazione365.net\/wp-content\/uploads\/2024\/11\/sl-150x150.jpg 150w, https:\/\/informazione365.net\/wp-content\/uploads\/2024\/11\/sl-768x768.jpg 768w, https:\/\/informazione365.net\/wp-content\/uploads\/2024\/11\/sl.jpg 1080w\" sizes=\"auto, (max-width: 1024px) 100vw, 1024px\" \/><\/figure>\n","protected":false},"excerpt":{"rendered":"<p>Il prossimo 14 novembre alle ore 19:00, le porte del celebre Palazzo del Freddo &#8211; Gelateria Artigianale Fassi, in Via Principe Eugenio 65-67, si apriranno per una speciale serata all\u2019insegna della solidariet\u00e0: Con il cuore nel piatto per Slow Social Market. L\u2019evento, organizzato da Slow Social Market, in collaborazione con Associazione Con il Cuore nel &hellip;<\/p>\n","protected":false},"author":1,"featured_media":3986,"comment_status":"open","ping_status":"open","sticky":false,"template":"","format":"standard","meta":{"footnotes":""},"categories":[3,388,28,8],"tags":[1246,1243,1245,1242,1241,1244,17,1240,1247],"class_list":["post-3985","post","type-post","status-publish","format-standard","has-post-thumbnail","hentry","category-attualita","category-curiosita","category-promo","category-senza-categoria","tag-artigiani","tag-cibo","tag-gelateria","tag-market","tag-nonna-roma","tag-palazzo-del-freddo","tag-roma","tag-slow-food","tag-social-market"],"_links":{"self":[{"href":"https:\/\/informazione365.net\/index.php\/wp-json\/wp\/v2\/posts\/3985","targetHints":{"allow":["GET"]}}],"collection":[{"href":"https:\/\/informazione365.net\/index.php\/wp-json\/wp\/v2\/posts"}],"about":[{"href":"https:\/\/informazione365.net\/index.php\/wp-json\/wp\/v2\/types\/post"}],"author":[{"embeddable":true,"href":"https:\/\/informazione365.net\/index.php\/wp-json\/wp\/v2\/users\/1"}],"replies":[{"embeddable":true,"href":"https:\/\/informazione365.net\/index.php\/wp-json\/wp\/v2\/comments?post=3985"}],"version-history":[{"count":1,"href":"https:\/\/informazione365.net\/index.php\/wp-json\/wp\/v2\/posts\/3985\/revisions"}],"predecessor-version":[{"id":3987,"href":"https:\/\/informazione365.net\/index.php\/wp-json\/wp\/v2\/posts\/3985\/revisions\/3987"}],"wp:featuredmedia":[{"embeddable":true,"href":"https:\/\/informazione365.net\/index.php\/wp-json\/wp\/v2\/media\/3986"}],"wp:attachment":[{"href":"https:\/\/informazione365.net\/index.php\/wp-json\/wp\/v2\/media?parent=3985"}],"wp:term":[{"taxonomy":"category","embeddable":true,"href":"https:\/\/informazione365.net\/index.php\/wp-json\/wp\/v2\/categories?post=3985"},{"taxonomy":"post_tag","embeddable":true,"href":"https:\/\/informazione365.net\/index.php\/wp-json\/wp\/v2\/tags?post=3985"}],"curies":[{"name":"wp","href":"https:\/\/api.w.org\/{rel}","templated":true}]}}