{"id":3721,"date":"2024-07-01T17:51:41","date_gmt":"2024-07-01T17:51:41","guid":{"rendered":"https:\/\/informazione365.net\/?p=3721"},"modified":"2024-07-01T17:51:41","modified_gmt":"2024-07-01T17:51:41","slug":"malattie-respiratorie-e-cambiamenti-climatici-convegno-della-fondazione-integria","status":"publish","type":"post","link":"https:\/\/informazione365.net\/index.php\/2024\/07\/01\/malattie-respiratorie-e-cambiamenti-climatici-convegno-della-fondazione-integria\/","title":{"rendered":"Malattie respiratorie e cambiamenti climatici Convegno della Fondazione Integria"},"content":{"rendered":"\n<p>Il prossimo 3 luglio, dalle ore 17.30, presso la Sala Convegni Unicoop di Roma e in diretta streaming sui canali social, Fondazione Integria organizza un importante confronto sulle malattie respiratorie e i cambiamenti climatici. Questo evento si distingue per un approccio innovativo che mira a raggiungere il benessere integrale della Persona attraverso una visione integrata tra diverse Professionalit\u00e0 che quotidianamente si prendono cura del Respiro.<\/p>\n\n\n\n<p>La correlazione tra riscaldamento globale e concentrazioni atmosferiche di gas serra, che sono aumentate di oltre il 30% dalla rivoluzione industriale a oggi, appare di grande evidenza agli occhi di tutti con le epidemie ricorrenti di malattie delle prime vie aeree e del tratto broncopolmonare, specie nelle et\u00e0 pi\u00f9 fragili, come bambini e anziani. Secondo l&#8217;Organizzazione Mondiale della Sanit\u00e0, gli effetti sulla salute causati dai cambiamenti climatici, in particolare quelli dovuti al progressivo riscaldamento del pianeta, rappresenteranno il maggiore problema sanitario da affrontare nei prossimi anni. Gli effetti dei cambiamenti climatici come causa delle malattie respiratorie e allergiche sono numerosi, essendo ormai accertata la correlazione tra riniti, asma, tracheo-broncopolmoniti e variabili meteorologiche, allergeni e inquinanti atmosferici. Nel prossimo Convegno di Fondazione Integria, vogliamo promuovere la conoscenza e la prevenzione dei fattori di rischio ambientali per le malattie respiratorie, asma e allergie, con l&#8217;obiettivo di favorire un approccio integrato. Questo approccio include anche il contributo della consapevolezza dello Yoga, volto a migliorare la qualit\u00e0 della vita della popolazione e ridurre i costi sociosanitari diretti e indiretti legati alle patologie delle vie aeree. Attraverso queste giornate, desideriamo favorire sempre pi\u00f9 occasioni di informazione e sostegno alla comunit\u00e0 &#8211; comprendente sanit\u00e0 pubblica, medici, professionisti non sanitari, istituzioni e cittadini &#8211; sui fattori di rischio e sui relativi protocolli di prevenzione e cura ad alta tecnologia.<\/p>\n\n\n\n<figure class=\"wp-block-image size-large\"><img loading=\"lazy\" decoding=\"async\" width=\"583\" height=\"1024\" src=\"https:\/\/informazione365.net\/wp-content\/uploads\/2024\/07\/ina2-583x1024.jpg\" alt=\"\" class=\"wp-image-3723\" srcset=\"https:\/\/informazione365.net\/wp-content\/uploads\/2024\/07\/ina2-583x1024.jpg 583w, https:\/\/informazione365.net\/wp-content\/uploads\/2024\/07\/ina2-171x300.jpg 171w, https:\/\/informazione365.net\/wp-content\/uploads\/2024\/07\/ina2-768x1350.jpg 768w, https:\/\/informazione365.net\/wp-content\/uploads\/2024\/07\/ina2-874x1536.jpg 874w, https:\/\/informazione365.net\/wp-content\/uploads\/2024\/07\/ina2-1165x2048.jpg 1165w, https:\/\/informazione365.net\/wp-content\/uploads\/2024\/07\/ina2.jpg 1169w\" sizes=\"auto, (max-width: 583px) 100vw, 583px\" \/><\/figure>\n","protected":false},"excerpt":{"rendered":"<p>Il prossimo 3 luglio, dalle ore 17.30, presso la Sala Convegni Unicoop di Roma e in diretta streaming sui canali social, Fondazione Integria organizza un importante confronto sulle malattie respiratorie e i cambiamenti climatici. Questo evento si distingue per un approccio innovativo che mira a raggiungere il benessere integrale della Persona attraverso una visione integrata &hellip;<\/p>\n","protected":false},"author":1,"featured_media":3722,"comment_status":"open","ping_status":"open","sticky":true,"template":"","format":"standard","meta":{"footnotes":""},"categories":[3,388,29],"tags":[992,834,994,837,995,993,17,710],"class_list":["post-3721","post","type-post","status-publish","format-standard","has-post-thumbnail","hentry","category-attualita","category-curiosita","category-sanita","tag-clima","tag-integria","tag-malattie-respiratorie","tag-medicina","tag-oms","tag-respirazione","tag-roma","tag-unicoop"],"_links":{"self":[{"href":"https:\/\/informazione365.net\/index.php\/wp-json\/wp\/v2\/posts\/3721","targetHints":{"allow":["GET"]}}],"collection":[{"href":"https:\/\/informazione365.net\/index.php\/wp-json\/wp\/v2\/posts"}],"about":[{"href":"https:\/\/informazione365.net\/index.php\/wp-json\/wp\/v2\/types\/post"}],"author":[{"embeddable":true,"href":"https:\/\/informazione365.net\/index.php\/wp-json\/wp\/v2\/users\/1"}],"replies":[{"embeddable":true,"href":"https:\/\/informazione365.net\/index.php\/wp-json\/wp\/v2\/comments?post=3721"}],"version-history":[{"count":1,"href":"https:\/\/informazione365.net\/index.php\/wp-json\/wp\/v2\/posts\/3721\/revisions"}],"predecessor-version":[{"id":3724,"href":"https:\/\/informazione365.net\/index.php\/wp-json\/wp\/v2\/posts\/3721\/revisions\/3724"}],"wp:featuredmedia":[{"embeddable":true,"href":"https:\/\/informazione365.net\/index.php\/wp-json\/wp\/v2\/media\/3722"}],"wp:attachment":[{"href":"https:\/\/informazione365.net\/index.php\/wp-json\/wp\/v2\/media?parent=3721"}],"wp:term":[{"taxonomy":"category","embeddable":true,"href":"https:\/\/informazione365.net\/index.php\/wp-json\/wp\/v2\/categories?post=3721"},{"taxonomy":"post_tag","embeddable":true,"href":"https:\/\/informazione365.net\/index.php\/wp-json\/wp\/v2\/tags?post=3721"}],"curies":[{"name":"wp","href":"https:\/\/api.w.org\/{rel}","templated":true}]}}