{"id":3643,"date":"2024-04-03T20:07:21","date_gmt":"2024-04-03T20:07:21","guid":{"rendered":"https:\/\/informazione365.net\/?p=3643"},"modified":"2024-04-03T20:07:22","modified_gmt":"2024-04-03T20:07:22","slug":"nasce-lassociazione-giornalisti-2-0-una-nuova-era-e-nuova-voce-per-il-giornalismo-nel-lazio","status":"publish","type":"post","link":"https:\/\/informazione365.net\/index.php\/2024\/04\/03\/nasce-lassociazione-giornalisti-2-0-una-nuova-era-e-nuova-voce-per-il-giornalismo-nel-lazio\/","title":{"rendered":"Nasce l&#8217;Associazione Giornalisti 2.0: una nuova era e nuova voce per il Giornalismo nel Lazio"},"content":{"rendered":"\n<p>Hanno gi\u00e0 aderito oltre 350 giornalisti.<br>Pronti per le prossime elezioni INPGI<\/p>\n\n\n\n<p>Nel cuore pulsante della scena giornalistica emerge un movimento destinato a ridefinire i canoni dell&#8217;informazione: l&#8217;Associazione Giornalisti 2.0. Fondata da un gruppo determinato di giornalisti professionisti e pubblicisti, questa nuova entit\u00e0 apolitica si propone di diventare il faro di una generazione di giornalisti liberi e contemporanei. Oltre alle figure di spicco gi\u00e0 annunciate, quali Maurizio Pizzuto, giornalista professionista di lunga esperienza, e Maurizio Lozzi, consigliere dell&#8217;Ordine dei giornalisti del Lazio, tra i fondatori figurano anche i giornalisti Rodolfo Martinelli Carraresi, Vice presente Associazione Stampa Romana e Consigliere del sindacato cronisti romani, e Tommaso Polidoro Consigliere Nazionale della F.N.S.I federazione Nazionale della Stampa Italiana, insieme alla gran parte del fronte dei pubblicisti del Lazio e a colleghi professionisti. L&#8217;Associazione Giornalisti 2.0 si propone come uno spazio in cui i giornalisti possano esprimere liberamente la propria voce, al di l\u00e0 di affiliamenti politici o pressioni esterne. L&#8217;entusiasmo attorno a questa iniziativa \u00e8 palpabile, con numerosi giornalisti gi\u00e0 aderenti, quasi 400 e molti altri pronti a unirsi durante la convention che si terr\u00e0 nel corso del 4\u00b0 Meeting della Comunicazione nel prossimo mese di maggio 2024.<\/p>\n\n\n\n<p>Tra i membri di spicco dell&#8217;associazione figurano anche rappresentanti delle istituzioni ordinistiche del Lazio, portando con s\u00e9 anni di esperienza e una profonda comprensione delle sfide che i giornalisti devono affrontare quotidianamente. L&#8217;Associazione Giornalisti 2.0 \u00e8 gi\u00e0 al lavoro per formulare un programma ambizioso che verr\u00e0 presto reso pubblico. L&#8217;obiettivo \u00e8 chiaro: fornire ai giornalisti di Roma e del Lazio una casa in cui possano rinnovare una professione affascinante, spesso sottovalutata negli ultimi quindici anni. Giornalisti 2.0 \u00e8 chiamata a essere il punto di riferimento per coloro che credono nel potere trasformativo del giornalismo e desiderano preservarne l&#8217;integrit\u00e0 in un&#8217;era di cambiamenti rapidi. L&#8217;Associazione Giornalisti 2.0, intato, si prepara per il suo primo importante appuntamento: le elezioni INPGI, che si terranno a maggio prossimo. In questa occasione cruciale, Giornalisti 2.0 presenter\u00e0 i suoi candidati, pronti per sbarcare in Via Nizza e portare avanti una visione innovativa per la categoria. Dopo aver segnato la sua presenza nel panorama giornalistico con determinazione e impegno, Giornalisti 2.0 si prepara a fare un passo avanti nel dare voce e rappresentanza ai giornalisti nella gestione delle proprie istituzioni. L&#8217;Associazione, che ha raccolto consensi e adesioni significative, si presenta alle elezioni INPGI con una squadra di professionisti pronti a mettere al servizio della categoria la propria competenza, integrit\u00e0 e passione per il giornalismo. L&#8217;obiettivo \u00e8 chiaro: promuovere una gestione trasparente e attenta alle esigenze dei giornalisti, fornendo un&#8217;impronta innovativa e progressista alle politiche dell&#8217;INPGI.<\/p>\n","protected":false},"excerpt":{"rendered":"<p>Hanno gi\u00e0 aderito oltre 350 giornalisti.Pronti per le prossime elezioni INPGI Nel cuore pulsante della scena giornalistica emerge un movimento destinato a ridefinire i canoni dell&#8217;informazione: l&#8217;Associazione Giornalisti 2.0. Fondata da un gruppo determinato di giornalisti professionisti e pubblicisti, questa nuova entit\u00e0 apolitica si propone di diventare il faro di una generazione di giornalisti liberi &hellip;<\/p>\n","protected":false},"author":1,"featured_media":3644,"comment_status":"open","ping_status":"open","sticky":true,"template":"","format":"standard","meta":{"footnotes":""},"categories":[3,388,28,8],"tags":[888,444,887,893,889,892,891,890],"class_list":["post-3643","post","type-post","status-publish","format-standard","has-post-thumbnail","hentry","category-attualita","category-curiosita","category-promo","category-senza-categoria","tag-2-0","tag-elezioni","tag-giornalisti","tag-inpgi","tag-nasce","tag-nuovo","tag-odg","tag-ordine"],"_links":{"self":[{"href":"https:\/\/informazione365.net\/index.php\/wp-json\/wp\/v2\/posts\/3643","targetHints":{"allow":["GET"]}}],"collection":[{"href":"https:\/\/informazione365.net\/index.php\/wp-json\/wp\/v2\/posts"}],"about":[{"href":"https:\/\/informazione365.net\/index.php\/wp-json\/wp\/v2\/types\/post"}],"author":[{"embeddable":true,"href":"https:\/\/informazione365.net\/index.php\/wp-json\/wp\/v2\/users\/1"}],"replies":[{"embeddable":true,"href":"https:\/\/informazione365.net\/index.php\/wp-json\/wp\/v2\/comments?post=3643"}],"version-history":[{"count":1,"href":"https:\/\/informazione365.net\/index.php\/wp-json\/wp\/v2\/posts\/3643\/revisions"}],"predecessor-version":[{"id":3645,"href":"https:\/\/informazione365.net\/index.php\/wp-json\/wp\/v2\/posts\/3643\/revisions\/3645"}],"wp:featuredmedia":[{"embeddable":true,"href":"https:\/\/informazione365.net\/index.php\/wp-json\/wp\/v2\/media\/3644"}],"wp:attachment":[{"href":"https:\/\/informazione365.net\/index.php\/wp-json\/wp\/v2\/media?parent=3643"}],"wp:term":[{"taxonomy":"category","embeddable":true,"href":"https:\/\/informazione365.net\/index.php\/wp-json\/wp\/v2\/categories?post=3643"},{"taxonomy":"post_tag","embeddable":true,"href":"https:\/\/informazione365.net\/index.php\/wp-json\/wp\/v2\/tags?post=3643"}],"curies":[{"name":"wp","href":"https:\/\/api.w.org\/{rel}","templated":true}]}}