{"id":3614,"date":"2024-03-22T14:50:28","date_gmt":"2024-03-22T14:50:28","guid":{"rendered":"https:\/\/informazione365.net\/?p=3614"},"modified":"2024-03-22T14:50:29","modified_gmt":"2024-03-22T14:50:29","slug":"attacca-un-cane-ad-un-palo-con-nastro-adesivo-animale-liberato-dalla-polizia","status":"publish","type":"post","link":"https:\/\/informazione365.net\/index.php\/2024\/03\/22\/attacca-un-cane-ad-un-palo-con-nastro-adesivo-animale-liberato-dalla-polizia\/","title":{"rendered":"ATTACCA UN CANE AD UN PALO CON NASTRO ADESIVO                                                            Animale liberato dalla Polizia"},"content":{"rendered":"\n<p>\u00c8 accaduto in Colombia, dove un uomo ha letteralmente preso con la forza il cane di piccola taglia del vicino, e dopo avergli nastrato il muso lo ha attaccato a due metri di altezza con altro nastro adesivo. Il cucciolo, Doki, un quattrozampe di circa quattro anni, \u00e8 stato poi ripreso dall\u2019individuo in un video postato sul web. Nel filmato si vede il cagnolino paralizzato dal terrore, e l\u2019uomo che mentre lo riprende spiega il motivo del folle gesto: pare che il cane facesse pip\u00ec e cacca davanti casa sua, e la padrona non provvedesse ad impedirglielo. \u201cL\u2019ho detto pi\u00f9 volte alla proprietaria, chiedendole di tenerlo al guinzaglio, ma non lo ha fatto&#8221;. E cos\u00ec ha preso la sua decisione: adesso &#8220;lei pu\u00f2 vedere come dovrebbe essere legato un cane stronzo&#8221;. Il cucciolo, dolorante e impaurito, \u00e8 stato salvato dalla Polizia, avvertita da un passante. Nonostante il trauma Doki adesso sta bene. L&#8217;autore dell\u2019insano gesto \u00e8 stato identificato e verr\u00e0 presto arrestato. Il veterinario Jorge Luis Gonz\u00e1lez, indignato: \u201cOra serve che a quell&#8217;uomo venga data la pena massima&#8221;.<\/p>\n\n\n\n<figure class=\"wp-block-image size-large\"><img loading=\"lazy\" decoding=\"async\" width=\"1024\" height=\"574\" src=\"https:\/\/informazione365.net\/wp-content\/uploads\/2024\/03\/ca1-1024x574.jpg\" alt=\"\" class=\"wp-image-3616\" srcset=\"https:\/\/informazione365.net\/wp-content\/uploads\/2024\/03\/ca1-1024x574.jpg 1024w, https:\/\/informazione365.net\/wp-content\/uploads\/2024\/03\/ca1-300x168.jpg 300w, https:\/\/informazione365.net\/wp-content\/uploads\/2024\/03\/ca1-768x431.jpg 768w, https:\/\/informazione365.net\/wp-content\/uploads\/2024\/03\/ca1-390x220.jpg 390w, https:\/\/informazione365.net\/wp-content\/uploads\/2024\/03\/ca1.jpg 1170w\" sizes=\"auto, (max-width: 1024px) 100vw, 1024px\" \/><\/figure>\n\n\n\n<figure class=\"wp-block-image size-large\"><img loading=\"lazy\" decoding=\"async\" width=\"1024\" height=\"569\" src=\"https:\/\/informazione365.net\/wp-content\/uploads\/2024\/03\/ca2-1024x569.jpg\" alt=\"\" class=\"wp-image-3617\" srcset=\"https:\/\/informazione365.net\/wp-content\/uploads\/2024\/03\/ca2-1024x569.jpg 1024w, https:\/\/informazione365.net\/wp-content\/uploads\/2024\/03\/ca2-300x167.jpg 300w, https:\/\/informazione365.net\/wp-content\/uploads\/2024\/03\/ca2-768x427.jpg 768w, https:\/\/informazione365.net\/wp-content\/uploads\/2024\/03\/ca2.jpg 1170w\" sizes=\"auto, (max-width: 1024px) 100vw, 1024px\" \/><\/figure>\n","protected":false},"excerpt":{"rendered":"<p>\u00c8 accaduto in Colombia, dove un uomo ha letteralmente preso con la forza il cane di piccola taglia del vicino, e dopo avergli nastrato il muso lo ha attaccato a due metri di altezza con altro nastro adesivo. Il cucciolo, Doki, un quattrozampe di circa quattro anni, \u00e8 stato poi ripreso dall\u2019individuo in un video &hellip;<\/p>\n","protected":false},"author":1,"featured_media":3615,"comment_status":"open","ping_status":"open","sticky":true,"template":"","format":"standard","meta":{"footnotes":""},"categories":[3,2,388,25],"tags":[592,433,871,872,870,205],"class_list":["post-3614","post","type-post","status-publish","format-standard","has-post-thumbnail","hentry","category-attualita","category-cronaca","category-curiosita","category-mondo","tag-arresto","tag-cane","tag-colombia","tag-maltrattamento","tag-nastro","tag-polizia"],"_links":{"self":[{"href":"https:\/\/informazione365.net\/index.php\/wp-json\/wp\/v2\/posts\/3614","targetHints":{"allow":["GET"]}}],"collection":[{"href":"https:\/\/informazione365.net\/index.php\/wp-json\/wp\/v2\/posts"}],"about":[{"href":"https:\/\/informazione365.net\/index.php\/wp-json\/wp\/v2\/types\/post"}],"author":[{"embeddable":true,"href":"https:\/\/informazione365.net\/index.php\/wp-json\/wp\/v2\/users\/1"}],"replies":[{"embeddable":true,"href":"https:\/\/informazione365.net\/index.php\/wp-json\/wp\/v2\/comments?post=3614"}],"version-history":[{"count":1,"href":"https:\/\/informazione365.net\/index.php\/wp-json\/wp\/v2\/posts\/3614\/revisions"}],"predecessor-version":[{"id":3618,"href":"https:\/\/informazione365.net\/index.php\/wp-json\/wp\/v2\/posts\/3614\/revisions\/3618"}],"wp:featuredmedia":[{"embeddable":true,"href":"https:\/\/informazione365.net\/index.php\/wp-json\/wp\/v2\/media\/3615"}],"wp:attachment":[{"href":"https:\/\/informazione365.net\/index.php\/wp-json\/wp\/v2\/media?parent=3614"}],"wp:term":[{"taxonomy":"category","embeddable":true,"href":"https:\/\/informazione365.net\/index.php\/wp-json\/wp\/v2\/categories?post=3614"},{"taxonomy":"post_tag","embeddable":true,"href":"https:\/\/informazione365.net\/index.php\/wp-json\/wp\/v2\/tags?post=3614"}],"curies":[{"name":"wp","href":"https:\/\/api.w.org\/{rel}","templated":true}]}}