{"id":3574,"date":"2024-02-18T19:09:18","date_gmt":"2024-02-18T19:09:18","guid":{"rendered":"https:\/\/informazione365.net\/?p=3574"},"modified":"2024-02-18T19:09:19","modified_gmt":"2024-02-18T19:09:19","slug":"le-maschere-della-vita-la-terrazza-avio-focolari-al-teatro-7-off-di-roma","status":"publish","type":"post","link":"https:\/\/informazione365.net\/index.php\/2024\/02\/18\/le-maschere-della-vita-la-terrazza-avio-focolari-al-teatro-7-off-di-roma\/","title":{"rendered":"LE MASCHERE DELLA VITA                                   &#8220;La Terrazza&#8221;: Avio Focolari al Teatro 7 Off di Roma"},"content":{"rendered":"\n<p>Uno spettacolo nello spettacolo, il quotidiano svelato nel contesto della Capitale romana, impreziosito dal fascino teatrale di un grande artista. Al Teatro 7 Off di Roma, lo sceneggiatore e regista Avio Focolari regala al pubblico un&#8217;esperienza coinvolgente con la sua commedia corale, &#8220;La Terrazza&#8221;. In programmazione fino al 25 febbraio, lo spettacolo si svolge in un condominio romano, mettendo in scena le vite intrecciate degli inquilini e rivelando le maschere che indossiamo nella societ\u00e0 moderna. Il sipario si alza su una scenografia che ritrae una terrazza, il luogo centrale che diventa lo sfondo per una serie di vicende che esplorano i disagi e le complessit\u00e0 umane. Attraverso una trama ricca di sfumature, la commedia affronta tematiche come la perdita del lavoro, la solitudine post-rupture e la ricerca di una falsa identit\u00e0. Avio Focolari, oltre a dirigere lo spettacolo, d\u00e0 vita a personaggi dipinti con semplicit\u00e0 ed ironia, trasformando la rappresentazione in un entra-esci di vite colorate che si uniscono inaspettatamente. Il risultato \u00e8 un finale sorprendente che cattura l&#8217;attenzione sia degli attori che degli spettatori. In platea, risate spontanee si mescolano al piacere dello spettacolo, mentre gli intermezzi musicali arricchiscono ulteriormente l&#8217;esperienza teatrale. La suonata di chitarra con fischio polifonico di Avio Focolari, diventata virale sui social, aggiunge un tocco eclettico che entusiasma il pubblico.<\/p>\n\n\n\n<p>La trama si sviluppa sulla terrazza di un condominio nella Borgata Romana, dove individui con vite segnate dalla miseria e dagli stenti cercano una via d&#8217;uscita. Un misterioso benefattore, un avvocato che acquista l&#8217;intero palazzo, offre loro un nuovo contratto straordinario, promettendo vantaggi e meno restrizioni. La domanda che aleggia \u00e8: chi \u00e8 veramente questo benefattore e quale scopo si cela dietro la sua generosit\u00e0? La tentazione di accettare l&#8217;offerta irresistibile spinge gli inquilini a unirsi, ma le conseguenze della loro decisione sono avvolte nel mistero. Lo spettatore resta sospeso, desideroso di scoprire il destino di questi personaggi e di lasciarsi sorprendere dalle svolte inaspettate della trama.<\/p>\n\n\n\n<p>&#8220;La Terrazza&#8221; al Teatro 7 Off di Roma \u00e8 uno spettacolo che, con maestria, unisce il puro divertimento alla riflessione profonda sulla complessit\u00e0 della vita moderna. Avio Focolari dimostra ancora una volta la sua abilit\u00e0 nel dipingere storie che non solo intrattengono ma anche colpiscono nel profondo, stimolando la mente dello spettatore.<\/p>\n\n\n\n<figure class=\"wp-block-image size-large\"><img loading=\"lazy\" decoding=\"async\" width=\"1024\" height=\"435\" src=\"https:\/\/informazione365.net\/wp-content\/uploads\/2024\/02\/av-1024x435.jpg\" alt=\"\" class=\"wp-image-3575\" srcset=\"https:\/\/informazione365.net\/wp-content\/uploads\/2024\/02\/av-1024x435.jpg 1024w, https:\/\/informazione365.net\/wp-content\/uploads\/2024\/02\/av-300x128.jpg 300w, https:\/\/informazione365.net\/wp-content\/uploads\/2024\/02\/av-768x326.jpg 768w, https:\/\/informazione365.net\/wp-content\/uploads\/2024\/02\/av.jpg 1200w\" sizes=\"auto, (max-width: 1024px) 100vw, 1024px\" \/><figcaption class=\"wp-element-caption\">Avio Focolari al Teatro 7 Off<\/figcaption><\/figure>\n","protected":false},"excerpt":{"rendered":"<p>Uno spettacolo nello spettacolo, il quotidiano svelato nel contesto della Capitale romana, impreziosito dal fascino teatrale di un grande artista. Al Teatro 7 Off di Roma, lo sceneggiatore e regista Avio Focolari regala al pubblico un&#8217;esperienza coinvolgente con la sua commedia corale, &#8220;La Terrazza&#8221;. In programmazione fino al 25 febbraio, lo spettacolo si svolge in &hellip;<\/p>\n","protected":false},"author":1,"featured_media":3576,"comment_status":"open","ping_status":"open","sticky":true,"template":"","format":"standard","meta":{"footnotes":""},"categories":[3,388,28,225],"tags":[829,827,828,17,814,626,644],"class_list":["post-3574","post","type-post","status-publish","format-standard","has-post-thumbnail","hentry","category-attualita","category-curiosita","category-promo","category-spettacolo-tv","tag-condominio","tag-focolari","tag-la-terrazza","tag-roma","tag-societa","tag-teatro","tag-vita"],"_links":{"self":[{"href":"https:\/\/informazione365.net\/index.php\/wp-json\/wp\/v2\/posts\/3574","targetHints":{"allow":["GET"]}}],"collection":[{"href":"https:\/\/informazione365.net\/index.php\/wp-json\/wp\/v2\/posts"}],"about":[{"href":"https:\/\/informazione365.net\/index.php\/wp-json\/wp\/v2\/types\/post"}],"author":[{"embeddable":true,"href":"https:\/\/informazione365.net\/index.php\/wp-json\/wp\/v2\/users\/1"}],"replies":[{"embeddable":true,"href":"https:\/\/informazione365.net\/index.php\/wp-json\/wp\/v2\/comments?post=3574"}],"version-history":[{"count":1,"href":"https:\/\/informazione365.net\/index.php\/wp-json\/wp\/v2\/posts\/3574\/revisions"}],"predecessor-version":[{"id":3577,"href":"https:\/\/informazione365.net\/index.php\/wp-json\/wp\/v2\/posts\/3574\/revisions\/3577"}],"wp:featuredmedia":[{"embeddable":true,"href":"https:\/\/informazione365.net\/index.php\/wp-json\/wp\/v2\/media\/3576"}],"wp:attachment":[{"href":"https:\/\/informazione365.net\/index.php\/wp-json\/wp\/v2\/media?parent=3574"}],"wp:term":[{"taxonomy":"category","embeddable":true,"href":"https:\/\/informazione365.net\/index.php\/wp-json\/wp\/v2\/categories?post=3574"},{"taxonomy":"post_tag","embeddable":true,"href":"https:\/\/informazione365.net\/index.php\/wp-json\/wp\/v2\/tags?post=3574"}],"curies":[{"name":"wp","href":"https:\/\/api.w.org\/{rel}","templated":true}]}}