{"id":3311,"date":"2023-08-23T13:40:45","date_gmt":"2023-08-23T13:40:45","guid":{"rendered":"https:\/\/informazione365.net\/?p=3311"},"modified":"2023-08-31T13:40:55","modified_gmt":"2023-08-31T13:40:55","slug":"rabbia-senza-fine-no-straordinari-no-sicurezza-stephan-avrebbe-pagato-con-la-vita-una-scelta-assurda","status":"publish","type":"post","link":"https:\/\/informazione365.net\/index.php\/2023\/08\/23\/rabbia-senza-fine-no-straordinari-no-sicurezza-stephan-avrebbe-pagato-con-la-vita-una-scelta-assurda\/","title":{"rendered":"RABBIA SENZA FINE: \u201cNO STRAORDINARI, NO SICUREZZA\u201d                                                    Stephan avrebbe pagato con la vita una scelta assurda"},"content":{"rendered":"\n<p>Il piccolo Stephan, il bimbo di otto anni risucchiato dal condotto di scarico di una delle piscine presenti alle Terme di Cretone lo scorso 17 agosto, sarebbe morto perch\u00e9 la propriet\u00e0 non voleva pagare gli straordinari al personale. La confessione clamorosa \u00e8 di uno dei due bagnini &#8211; 18 e 20 anni ciascuno &#8211; che afferma come non volessero pagar loro straordinari. Cos\u00ec, la piscina doveva essere svuotata entro le 20.00, anticipando le operazioni grazie alla mancanza della grata di sicurezza, che le avrebbe rallentate. Rivelazioni che sono come una seconda coltellata ai genitori del bimbo, che stanno ancora soffrendo per la loro terribile perdita, e che aggravano la posizione dei bagnini e dei due proprietari delle Terme, finiti tutti nel registro degli indagati. Lo scenario fa aumentare la rabbia di quanti erano presenti alla tragedia e non riescono a capacitarsi come dietro alla morte di un bambino possa esserci la volont\u00e0 di risparmiare denaro a discapito della sicurezza. Ora la Procura di Tivoli sta indagando per omicidio colposo.<\/p>\n","protected":false},"excerpt":{"rendered":"<p>Il piccolo Stephan, il bimbo di otto anni risucchiato dal condotto di scarico di una delle piscine presenti alle Terme di Cretone lo scorso 17 agosto, sarebbe morto perch\u00e9 la propriet\u00e0 non voleva pagare gli straordinari al personale. La confessione clamorosa \u00e8 di uno dei due bagnini &#8211; 18 e 20 anni ciascuno &#8211; che &hellip;<\/p>\n","protected":false},"author":1,"featured_media":3312,"comment_status":"open","ping_status":"open","sticky":true,"template":"","format":"standard","meta":{"footnotes":""},"categories":[3,2],"tags":[648,634,647,631,645,646,635],"class_list":["post-3311","post","type-post","status-publish","format-standard","has-post-thumbnail","hentry","category-attualita","category-cronaca","tag-bagnini","tag-cretone","tag-lavoro","tag-piscine","tag-sicurezza","tag-straordinari","tag-terme"],"_links":{"self":[{"href":"https:\/\/informazione365.net\/index.php\/wp-json\/wp\/v2\/posts\/3311","targetHints":{"allow":["GET"]}}],"collection":[{"href":"https:\/\/informazione365.net\/index.php\/wp-json\/wp\/v2\/posts"}],"about":[{"href":"https:\/\/informazione365.net\/index.php\/wp-json\/wp\/v2\/types\/post"}],"author":[{"embeddable":true,"href":"https:\/\/informazione365.net\/index.php\/wp-json\/wp\/v2\/users\/1"}],"replies":[{"embeddable":true,"href":"https:\/\/informazione365.net\/index.php\/wp-json\/wp\/v2\/comments?post=3311"}],"version-history":[{"count":1,"href":"https:\/\/informazione365.net\/index.php\/wp-json\/wp\/v2\/posts\/3311\/revisions"}],"predecessor-version":[{"id":3313,"href":"https:\/\/informazione365.net\/index.php\/wp-json\/wp\/v2\/posts\/3311\/revisions\/3313"}],"wp:featuredmedia":[{"embeddable":true,"href":"https:\/\/informazione365.net\/index.php\/wp-json\/wp\/v2\/media\/3312"}],"wp:attachment":[{"href":"https:\/\/informazione365.net\/index.php\/wp-json\/wp\/v2\/media?parent=3311"}],"wp:term":[{"taxonomy":"category","embeddable":true,"href":"https:\/\/informazione365.net\/index.php\/wp-json\/wp\/v2\/categories?post=3311"},{"taxonomy":"post_tag","embeddable":true,"href":"https:\/\/informazione365.net\/index.php\/wp-json\/wp\/v2\/tags?post=3311"}],"curies":[{"name":"wp","href":"https:\/\/api.w.org\/{rel}","templated":true}]}}