{"id":3099,"date":"2023-04-30T17:52:08","date_gmt":"2023-04-30T17:52:08","guid":{"rendered":"https:\/\/informazione365.net\/?p=3099"},"modified":"2023-05-02T17:52:50","modified_gmt":"2023-05-02T17:52:50","slug":"foto-assurde-in-posa-sorridente-ad-auschwitz","status":"publish","type":"post","link":"https:\/\/informazione365.net\/index.php\/2023\/04\/30\/foto-assurde-in-posa-sorridente-ad-auschwitz\/","title":{"rendered":"FOTO ASSURDE                                                       In posa sorridente ad Auschwitz"},"content":{"rendered":"\n<p>&nbsp;Ridere dove sono morte un milione di persone? Fatto. Una foto che sta facendo discutere sul web, ma non solo. Su Twitter ha ottenuto oltre 29 milioni di visualizzazioni questo scatto dove sono protagonisti due ragazzi. Lui \u00e8 impegnato a scattare, lei invece \u00e8 seduta su un binario (quello da cui provenivano le vittime ebree sui vagoni del treno maledetto) in posa sorridente e felice, con una mano sulla testa. Peccato che non si trovassero davanti al Colosseo o a Piazza di Spagna, ma nel pi\u00f9 grande e terribile campo di concentramento nazista che la storia ricordi: Auschwitz. L\u2019indignazione provocata in milioni di persone \u00e8 subito diventata un\u2019onda in piena e migliaia di commenti sdegnati e di rimprovero sono stati elevati nei confronti della giovane coppia. In quella che \u00e8 nota come la &#8220;fabbrica della morte&#8221; non verrebbe certo di mettersi in posa per una foto ricordo, n\u00e9 tantomeno pu\u00f2 venire spontaneo sorridere. Eppure&#8230; Non importa che in questo luogo siano morte 1 milione di persone. I ragazzi l\u2019hanno trovata una buona idea. E hanno scattato. La foto \u00e8 diventata virale sul web, postata dalla signora Maria su Twitter, che ha aggiunto un commento: &#8220;Oggi ho passato una delle esperienze pi\u00f9 strazianti della mia vita. Purtroppo non sembrava che fosse per tutti la stessa cosa&#8221;, il senso delle sue parole.<\/p>\n","protected":false},"excerpt":{"rendered":"<p>&nbsp;Ridere dove sono morte un milione di persone? Fatto. Una foto che sta facendo discutere sul web, ma non solo. Su Twitter ha ottenuto oltre 29 milioni di visualizzazioni questo scatto dove sono protagonisti due ragazzi. Lui \u00e8 impegnato a scattare, lei invece \u00e8 seduta su un binario (quello da cui provenivano le vittime ebree &hellip;<\/p>\n","protected":false},"author":1,"featured_media":3100,"comment_status":"open","ping_status":"open","sticky":true,"template":"","format":"standard","meta":{"footnotes":""},"categories":[3,2,388,25],"tags":[472,476,473,474],"class_list":["post-3099","post","type-post","status-publish","format-standard","has-post-thumbnail","hentry","category-attualita","category-cronaca","category-curiosita","category-mondo","tag-auschwitz","tag-campo-concentramento","tag-ebrei","tag-nazismo"],"_links":{"self":[{"href":"https:\/\/informazione365.net\/index.php\/wp-json\/wp\/v2\/posts\/3099","targetHints":{"allow":["GET"]}}],"collection":[{"href":"https:\/\/informazione365.net\/index.php\/wp-json\/wp\/v2\/posts"}],"about":[{"href":"https:\/\/informazione365.net\/index.php\/wp-json\/wp\/v2\/types\/post"}],"author":[{"embeddable":true,"href":"https:\/\/informazione365.net\/index.php\/wp-json\/wp\/v2\/users\/1"}],"replies":[{"embeddable":true,"href":"https:\/\/informazione365.net\/index.php\/wp-json\/wp\/v2\/comments?post=3099"}],"version-history":[{"count":2,"href":"https:\/\/informazione365.net\/index.php\/wp-json\/wp\/v2\/posts\/3099\/revisions"}],"predecessor-version":[{"id":3102,"href":"https:\/\/informazione365.net\/index.php\/wp-json\/wp\/v2\/posts\/3099\/revisions\/3102"}],"wp:featuredmedia":[{"embeddable":true,"href":"https:\/\/informazione365.net\/index.php\/wp-json\/wp\/v2\/media\/3100"}],"wp:attachment":[{"href":"https:\/\/informazione365.net\/index.php\/wp-json\/wp\/v2\/media?parent=3099"}],"wp:term":[{"taxonomy":"category","embeddable":true,"href":"https:\/\/informazione365.net\/index.php\/wp-json\/wp\/v2\/categories?post=3099"},{"taxonomy":"post_tag","embeddable":true,"href":"https:\/\/informazione365.net\/index.php\/wp-json\/wp\/v2\/tags?post=3099"}],"curies":[{"name":"wp","href":"https:\/\/api.w.org\/{rel}","templated":true}]}}