{"id":3030,"date":"2023-02-20T12:14:36","date_gmt":"2023-02-20T12:14:36","guid":{"rendered":"https:\/\/informazione365.net\/?p=3030"},"modified":"2023-02-20T12:14:37","modified_gmt":"2023-02-20T12:14:37","slug":"barboni-su-roma-desperados-nei-parchi-e-nelle-scuole","status":"publish","type":"post","link":"https:\/\/informazione365.net\/index.php\/2023\/02\/20\/barboni-su-roma-desperados-nei-parchi-e-nelle-scuole\/","title":{"rendered":"BARBONI SU ROMA                                        Desperados nei parchi e nelle scuole"},"content":{"rendered":"\n<p>\u00c8 una notizia dell\u2019ultima ora quella che riguarda alcuni barboni che hanno occupato aree pubbliche, su tutte una scuola nel IV Municipio di Roma. Si tratta di un asilo, che ha dovuto posticipare l\u2019ingresso dei bambini nelle classi per consentire al personale di sanificare il plesso. Cos\u00ec la mancanza di sicurezza e la facilit\u00e0 di accesso a luoghi sensibili sta diventando una preoccupazione per tanto genitori. Come \u00e8 possibile che degli estranei riescano a penetrare in un edificio scolastico e a soggiornarvi per due giorni senza che scatti alcun allarme? Pare, infatti, che l\u2019individuo sconosciuto sia entrato venerd\u00ec scorso per rimanerci tutto il week end, con l\u2019obiettivo di ripararsi dal freddo della notte. La porta \u201csembra\u201d fosse allarmata, non cos\u00ec le finestre. \u00c8 in corso una denuncia alle autorit\u00e0 competenti per migliorare la sicurezza del plesso, cos\u00ec come alcuni cittadini stanno provvedendo a segnalare il \u201ccaso dell\u2019invasione\u201d di un parco, quello in largo Beltramelli. Alcuni clochard hanno fatto delle panchine in cemento il proprio alloggio. Pensiero di solidariet\u00e0 in un momento per loro difficile a parte, i genitori si chiedono se sia poi ancora sicuro che i propri piccoli giochino in quell\u2019area. Niente pi\u00f9 nascondino, n\u00e9 tantomeno trenini nel tunnel e via dicendo. \u201cL\u00ec sotto vi \u00e8 di tutto, come si vede dalle foto\u201d, dichiarano alcuni genitori preoccupati. \u201cUn parco molto bello, wi-fi free zone, con panchine per ricaricare il cellulare con pannelli fotovoltaici, con avveniristici schermi informativi, rovinato da qualche disperato in cerca di un rifugio\u201d. Peccato\u2026<\/p>\n\n\n\n<figure class=\"wp-block-image size-large\"><img loading=\"lazy\" decoding=\"async\" width=\"1024\" height=\"768\" src=\"https:\/\/informazione365.net\/wp-content\/uploads\/2023\/02\/gia-1024x768.jpg\" alt=\"\" class=\"wp-image-3031\" srcset=\"https:\/\/informazione365.net\/wp-content\/uploads\/2023\/02\/gia-1024x768.jpg 1024w, https:\/\/informazione365.net\/wp-content\/uploads\/2023\/02\/gia-300x225.jpg 300w, https:\/\/informazione365.net\/wp-content\/uploads\/2023\/02\/gia-768x576.jpg 768w, https:\/\/informazione365.net\/wp-content\/uploads\/2023\/02\/gia-1536x1152.jpg 1536w, https:\/\/informazione365.net\/wp-content\/uploads\/2023\/02\/gia.jpg 2016w\" sizes=\"auto, (max-width: 1024px) 100vw, 1024px\" \/><\/figure>\n\n\n\n<figure class=\"wp-block-image size-large\"><img loading=\"lazy\" decoding=\"async\" width=\"1024\" height=\"768\" src=\"https:\/\/informazione365.net\/wp-content\/uploads\/2023\/02\/gia2-1024x768.jpg\" alt=\"\" class=\"wp-image-3032\" srcset=\"https:\/\/informazione365.net\/wp-content\/uploads\/2023\/02\/gia2-1024x768.jpg 1024w, https:\/\/informazione365.net\/wp-content\/uploads\/2023\/02\/gia2-300x225.jpg 300w, https:\/\/informazione365.net\/wp-content\/uploads\/2023\/02\/gia2-768x576.jpg 768w, https:\/\/informazione365.net\/wp-content\/uploads\/2023\/02\/gia2-1536x1152.jpg 1536w, https:\/\/informazione365.net\/wp-content\/uploads\/2023\/02\/gia2.jpg 2016w\" sizes=\"auto, (max-width: 1024px) 100vw, 1024px\" \/><figcaption class=\"wp-element-caption\">Il Parco di Largo Beltramelli, IV Municipio &#8211; Roma<\/figcaption><\/figure>\n\n\n\n<figure class=\"wp-block-image size-large\"><img loading=\"lazy\" decoding=\"async\" width=\"1024\" height=\"768\" src=\"https:\/\/informazione365.net\/wp-content\/uploads\/2023\/02\/gia4-1024x768.jpg\" alt=\"\" class=\"wp-image-3034\" srcset=\"https:\/\/informazione365.net\/wp-content\/uploads\/2023\/02\/gia4-1024x768.jpg 1024w, https:\/\/informazione365.net\/wp-content\/uploads\/2023\/02\/gia4-300x225.jpg 300w, https:\/\/informazione365.net\/wp-content\/uploads\/2023\/02\/gia4-768x576.jpg 768w, https:\/\/informazione365.net\/wp-content\/uploads\/2023\/02\/gia4-1536x1152.jpg 1536w, https:\/\/informazione365.net\/wp-content\/uploads\/2023\/02\/gia4.jpg 2016w\" sizes=\"auto, (max-width: 1024px) 100vw, 1024px\" \/><\/figure>\n","protected":false},"excerpt":{"rendered":"<p>\u00c8 una notizia dell\u2019ultima ora quella che riguarda alcuni barboni che hanno occupato aree pubbliche, su tutte una scuola nel IV Municipio di Roma. Si tratta di un asilo, che ha dovuto posticipare l\u2019ingresso dei bambini nelle classi per consentire al personale di sanificare il plesso. Cos\u00ec la mancanza di sicurezza e la facilit\u00e0 di &hellip;<\/p>\n","protected":false},"author":1,"featured_media":3033,"comment_status":"open","ping_status":"open","sticky":true,"template":"","format":"standard","meta":{"footnotes":""},"categories":[3,2,388,8],"tags":[],"class_list":["post-3030","post","type-post","status-publish","format-standard","has-post-thumbnail","hentry","category-attualita","category-cronaca","category-curiosita","category-senza-categoria"],"_links":{"self":[{"href":"https:\/\/informazione365.net\/index.php\/wp-json\/wp\/v2\/posts\/3030","targetHints":{"allow":["GET"]}}],"collection":[{"href":"https:\/\/informazione365.net\/index.php\/wp-json\/wp\/v2\/posts"}],"about":[{"href":"https:\/\/informazione365.net\/index.php\/wp-json\/wp\/v2\/types\/post"}],"author":[{"embeddable":true,"href":"https:\/\/informazione365.net\/index.php\/wp-json\/wp\/v2\/users\/1"}],"replies":[{"embeddable":true,"href":"https:\/\/informazione365.net\/index.php\/wp-json\/wp\/v2\/comments?post=3030"}],"version-history":[{"count":1,"href":"https:\/\/informazione365.net\/index.php\/wp-json\/wp\/v2\/posts\/3030\/revisions"}],"predecessor-version":[{"id":3035,"href":"https:\/\/informazione365.net\/index.php\/wp-json\/wp\/v2\/posts\/3030\/revisions\/3035"}],"wp:featuredmedia":[{"embeddable":true,"href":"https:\/\/informazione365.net\/index.php\/wp-json\/wp\/v2\/media\/3033"}],"wp:attachment":[{"href":"https:\/\/informazione365.net\/index.php\/wp-json\/wp\/v2\/media?parent=3030"}],"wp:term":[{"taxonomy":"category","embeddable":true,"href":"https:\/\/informazione365.net\/index.php\/wp-json\/wp\/v2\/categories?post=3030"},{"taxonomy":"post_tag","embeddable":true,"href":"https:\/\/informazione365.net\/index.php\/wp-json\/wp\/v2\/tags?post=3030"}],"curies":[{"name":"wp","href":"https:\/\/api.w.org\/{rel}","templated":true}]}}