{"id":2564,"date":"2022-07-17T10:40:38","date_gmt":"2022-07-17T08:40:38","guid":{"rendered":"https:\/\/www.informazione365.net\/?p=2564"},"modified":"2022-07-17T10:40:38","modified_gmt":"2022-07-17T08:40:38","slug":"roma-allarme-acqua-inquinata-bevono-al-nasone-e-si-sentono-male","status":"publish","type":"post","link":"https:\/\/informazione365.net\/index.php\/2022\/07\/17\/roma-allarme-acqua-inquinata-bevono-al-nasone-e-si-sentono-male\/","title":{"rendered":"ROMA, ALLARME ACQUA INQUINATA?                   Bevono al \u201cnasone\u201d e si sentono male"},"content":{"rendered":"\r\n\t\t<div class=\"review_wrap\">\r\n\t\t\t<div id=\"review-box\" class=\"review-box review-top review-stars\">\r\n\t\t\t\t<div class=\"review-summary\">\r\n\t\t\t\t\t<div class=\"review-final-score\">\r\n\t\t\t\t\t\t<span title=\"\" class=\"post-large-rate stars-large\"><span style=\"width:0%\"><\/span><\/span>\r\n\t\t\t\t\t\t<h4><\/h4>\r\n\t\t\t\t\t<\/div>\r\n\t\t\t\t\r\n\t\t\t\t<div class=\"review-short-summary\">\r\n\t\t\t\t<\/div>\r\n\t\t\t<\/div>\r\n\t\t\t\r\n\t\t\t<div class=\"user-rate-wrap\">\r\n\t\t\t\t<span class=\"user-rating-text\">\r\n\t\t\t\t\t<strong>User Rating: <\/strong>\r\n\t\t\t\t\t<span class=\"taq-score\"><\/span>\r\n\t\t\t\t\t<small>Be the first one !<\/small>\r\n\t\t\t\t<\/span>\r\n\r\n\t\t\t\t<div data-rate=\"0\" data-id=\"2564\" class=\"user-rate taq-user-rate-active\">\r\n\t\t\t\t\t<span class=\"user-rate-image post-large-rate stars-large\">\r\n\t\t\t\t\t\t<span style=\"width:0%\"><\/span>\r\n\t\t\t\t\t<\/span>\r\n\t\t\t\t<\/div>\r\n\r\n\t\t\t\t<div class=\"taq-clear\"><\/div>\r\n\r\n\t\t\t<\/div>\r\n\t\t<\/div>\r\n\t<\/div>\n<p>Hanno bevuto tutti l\u2019acqua del \u201cnasone\u201d, la tipica fontanella romana, e si sono sentiti male, stessi sintomi per mamma, pap\u00e0 e un bambino piccolo. \u00c8 accaduto a Roma, nel quartiere tiburtino, dove i tre risiedono. L\u2019anomalia viene notata perch\u00e9 i tre hanno mangiato cose del tutte diverse tra loro, e l\u2019unica cosa ingerita in comune \u00e8 questa acqua: \u201cAveva un sapore ferroso, quasi chimico &#8211; afferma il pap\u00e0 &#8211; ma al momento non ci abbiamo fatto neanche caso. La cosa che ci ha allarmati \u00e8 che il piccolo gi\u00e0 stava male da due giorni con la pancia ed era l\u2019unico che aveva gi\u00e0 bevuto quell\u2019acqua al parco\u201d. Gli indizi si concentrano su tre \u201cnasoni\u201d in particolare, quello dello Smart Park, quello doppio di largo Beltramelli e quello sulla Tiburtina, all\u2019altezza di un grande supermarket commerciale. \u00c8 vero che due indizi non fanno una prova, ma allarmano. Vani i tentativi di contattare gli addetti del Comune di Roma, i centralini sembrano deserti, dato anche il periodo. Ma non bere per un po\u2019 di tempo dalle fontanelle pubbliche non sembra una cattiva idea.<\/p>\n","protected":false},"excerpt":{"rendered":"<p>Hanno bevuto tutti l\u2019acqua del \u201cnasone\u201d, la tipica fontanella romana, e si sono sentiti male, stessi sintomi per mamma, pap\u00e0 e un bambino piccolo. \u00c8 accaduto a Roma, nel quartiere tiburtino, dove i tre risiedono. L\u2019anomalia viene notata perch\u00e9 i tre hanno mangiato cose del tutte diverse tra loro, e l\u2019unica cosa ingerita in comune &hellip;<\/p>\n","protected":false},"author":1,"featured_media":2565,"comment_status":"open","ping_status":"open","sticky":false,"template":"","format":"standard","meta":{"footnotes":""},"categories":[3,2,29,8],"tags":[401,402,403,404,17],"class_list":["post-2564","post","type-post","status-publish","format-standard","has-post-thumbnail","hentry","category-attualita","category-cronaca","category-sanita","category-senza-categoria","tag-acqua","tag-fonanella","tag-mal-di-pancia","tag-nasone","tag-roma"],"_links":{"self":[{"href":"https:\/\/informazione365.net\/index.php\/wp-json\/wp\/v2\/posts\/2564","targetHints":{"allow":["GET"]}}],"collection":[{"href":"https:\/\/informazione365.net\/index.php\/wp-json\/wp\/v2\/posts"}],"about":[{"href":"https:\/\/informazione365.net\/index.php\/wp-json\/wp\/v2\/types\/post"}],"author":[{"embeddable":true,"href":"https:\/\/informazione365.net\/index.php\/wp-json\/wp\/v2\/users\/1"}],"replies":[{"embeddable":true,"href":"https:\/\/informazione365.net\/index.php\/wp-json\/wp\/v2\/comments?post=2564"}],"version-history":[{"count":0,"href":"https:\/\/informazione365.net\/index.php\/wp-json\/wp\/v2\/posts\/2564\/revisions"}],"wp:featuredmedia":[{"embeddable":true,"href":"https:\/\/informazione365.net\/index.php\/wp-json\/wp\/v2\/media\/2565"}],"wp:attachment":[{"href":"https:\/\/informazione365.net\/index.php\/wp-json\/wp\/v2\/media?parent=2564"}],"wp:term":[{"taxonomy":"category","embeddable":true,"href":"https:\/\/informazione365.net\/index.php\/wp-json\/wp\/v2\/categories?post=2564"},{"taxonomy":"post_tag","embeddable":true,"href":"https:\/\/informazione365.net\/index.php\/wp-json\/wp\/v2\/tags?post=2564"}],"curies":[{"name":"wp","href":"https:\/\/api.w.org\/{rel}","templated":true}]}}