{"id":2170,"date":"2021-12-30T10:09:00","date_gmt":"2021-12-30T09:09:00","guid":{"rendered":"https:\/\/www.informazione365.net\/?p=2170"},"modified":"2021-12-30T10:09:00","modified_gmt":"2021-12-30T09:09:00","slug":"ucciso-dallinquilino-moroso-da-8-anni-tragedia-a-cagliari","status":"publish","type":"post","link":"https:\/\/informazione365.net\/index.php\/2021\/12\/30\/ucciso-dallinquilino-moroso-da-8-anni-tragedia-a-cagliari\/","title":{"rendered":"Ucciso dall\u2019inquilino moroso da 8 anni, tragedia a Cagliari"},"content":{"rendered":"\n<p>Non pagava l\u2019affitto da ben 8 anni, per un ammontare di oltre 30 mila euro, e l\u2019ennesimo litigio con il proprietario di casa a causa dello sfratto imminente ha portato alla tragedia. Antonio Pisu, impresario edile di 79 anni, \u00e8 stato assassinato marted\u00ec mattina, a Monserrato, in provincia di Cagliari. Il proprietario dello stabile in via Agricola, \u00e8 salito da Luigi Piras, 76 anni, per ricordargli che non pagava l\u2019affitto da anni e avrebbe dovuto fare i bagagli al pi\u00f9 presto. La discussione che ne \u00e8 nata, l\u2019ennesima, \u00e8 stata stavolta fatale: Piras ha impugnato una pistola calibro 7.65, l\u2019ha puntata su Pisu e ha fatto fuoco. L\u2019uomo, colpito al petto, non ha avuto scampo.Stando alla ricostruzione della polizia, il 76enne non pagava l\u2019affitto e litigava spesso con il proprietario, che abitava al piano di sotto. Quest\u2019ultimo pi\u00f9 volte aveva reclamato gli arretrati, ma era stato costretto a fargli causa, con sfratto esecutivo previsto a febbraio. Ieri mattina il clou con l\u2019inquilino moroso che non voleva andarsene di casa e ha sparato. L\u2019allarme \u00e8 stato dato dai parenti della vittima: il figlio ha rinvenuto il padre esanime e ha cercato di bloccare Piras, ancora armato. Ne \u00e8 scaturita una nuova colluttazione dalla quale sono partiti almeno altri tre colpi, fortunatamente senza conseguenze. Cos\u00ec Luigi Piras \u00e8 stato bloccato, disarmato e preso in consegna dalla polizia. Ora si trova in stato di fermo, con l\u2019accusa di omicidio. Sul posto del delitto, in via Agricola, sono intervenuti gli investigatori della mobile, gli specialisti della polizia scientifica, il magistrato che coordina le indagini e il medico legale per i primi riscontri sul corpo della vittima, cui seguir\u00e0 l\u2019esame autoptico. 301221<\/p>\n","protected":false},"excerpt":{"rendered":"<p>Non pagava l\u2019affitto da ben 8 anni, per un ammontare di oltre 30 mila euro, e l\u2019ennesimo litigio con il proprietario di casa a causa dello sfratto imminente ha portato alla tragedia. Antonio Pisu, impresario edile di 79 anni, \u00e8 stato assassinato marted\u00ec mattina, a Monserrato, in provincia di Cagliari. Il proprietario dello stabile in &hellip;<\/p>\n","protected":false},"author":1,"featured_media":2171,"comment_status":"open","ping_status":"closed","sticky":false,"template":"","format":"standard","meta":{"footnotes":""},"categories":[3,2],"tags":[130,131],"class_list":["post-2170","post","type-post","status-publish","format-standard","has-post-thumbnail","hentry","category-attualita","category-cronaca","tag-affittuario-moroso","tag-cagliari"],"_links":{"self":[{"href":"https:\/\/informazione365.net\/index.php\/wp-json\/wp\/v2\/posts\/2170","targetHints":{"allow":["GET"]}}],"collection":[{"href":"https:\/\/informazione365.net\/index.php\/wp-json\/wp\/v2\/posts"}],"about":[{"href":"https:\/\/informazione365.net\/index.php\/wp-json\/wp\/v2\/types\/post"}],"author":[{"embeddable":true,"href":"https:\/\/informazione365.net\/index.php\/wp-json\/wp\/v2\/users\/1"}],"replies":[{"embeddable":true,"href":"https:\/\/informazione365.net\/index.php\/wp-json\/wp\/v2\/comments?post=2170"}],"version-history":[{"count":0,"href":"https:\/\/informazione365.net\/index.php\/wp-json\/wp\/v2\/posts\/2170\/revisions"}],"wp:featuredmedia":[{"embeddable":true,"href":"https:\/\/informazione365.net\/index.php\/wp-json\/wp\/v2\/media\/2171"}],"wp:attachment":[{"href":"https:\/\/informazione365.net\/index.php\/wp-json\/wp\/v2\/media?parent=2170"}],"wp:term":[{"taxonomy":"category","embeddable":true,"href":"https:\/\/informazione365.net\/index.php\/wp-json\/wp\/v2\/categories?post=2170"},{"taxonomy":"post_tag","embeddable":true,"href":"https:\/\/informazione365.net\/index.php\/wp-json\/wp\/v2\/tags?post=2170"}],"curies":[{"name":"wp","href":"https:\/\/api.w.org\/{rel}","templated":true}]}}