{"id":2071,"date":"2021-09-16T18:09:00","date_gmt":"2021-09-16T16:09:00","guid":{"rendered":"https:\/\/www.informazione365.net\/?p=2071"},"modified":"2021-09-16T18:09:00","modified_gmt":"2021-09-16T16:09:00","slug":"torture-e-minacce-contro-bimbi-dai-3-ai-5-anni-fermata-una-maestra-dasilo","status":"publish","type":"post","link":"https:\/\/informazione365.net\/index.php\/2021\/09\/16\/torture-e-minacce-contro-bimbi-dai-3-ai-5-anni-fermata-una-maestra-dasilo\/","title":{"rendered":"Torture e minacce contro bimbi dai 3 ai 5 anni. Fermata una maestra d\u2019asilo"},"content":{"rendered":"\n<figure class=\"wp-block-image size-large is-resized\"><img loading=\"lazy\" decoding=\"async\" src=\"https:\/\/informazione365.net\/wp-content\/uploads\/2021\/11\/cc2-1.jpg\" alt=\"\" class=\"wp-image-2073\" width=\"104\" height=\"204\" srcset=\"https:\/\/informazione365.net\/wp-content\/uploads\/2021\/11\/cc2-1.jpg 160w, https:\/\/informazione365.net\/wp-content\/uploads\/2021\/11\/cc2-1-153x300.jpg 153w\" sizes=\"auto, (max-width: 104px) 100vw, 104px\" \/><\/figure>\n\n\n\n<p>Ci risiamo: il reato pi\u00f9 orribile, quello di far del male a bambini innocenti, torna alla ribalta. Stavolta \u00e8 accaduto a Monza. Una maestra, non definibile in un normale contesto sociale, ha malmenato e offeso a pi\u00f9 riprese piccoli che i genitori affidavano a lei con tanta fiducia: \u201cBestia\u201d, \u201coca\u201d, \u201cbeduini\u201d, \u201cti stacco la testa\u201c e \u201cvi taglio le mani\u201c sono solo alcune delle minacce che la maestra 59enne rivolgeva ai piccoli alunni di una scuola dell\u2019infanzia. Ma non \u00e8 tutto: violenze fisiche sotto forma di calci e pugni erano riservata a tutti quelli che non si comportavano bene. Dalle indagini \u00e8 emerso che le violenze erano rivolte a 17 bimbi tra i 3 e i 5 anni, incluso un piccolo disabile, per il quale non aveva nessun trattamento di riguardo. Anzi. Afferrava i bimbi con forza per il viso e li minacciava guardandoli fissi negli occhi, oppure li colpiva con i piedi per farli stare fermi (!). Ora la donna, incastrata da telecamere e microfoni installati all\u2019interno della classe, dopo due mesi di accertamenti \u00e8 stata interdetta per un anno dall\u2019esercizio della professione. I carabinieri della Compagnia di Monza hanno iniziato le indagini dopo alcune segnalazioni sui metodi \u2018sospetti\u2019 dell\u2019indagata. Peraltro alcuni piccoli scolari erano spaventati e traumatizzati al punto da chiudersi in loro stessi anche a casa, con i genitori. Ne \u00e8 risultato \u201cun quadro indiziario completo\u201c, che, consegnato alla Procura, ha poi permesso all\u2019autorit\u00e0 giudiziaria di emettere un provvedimento cautelare. Dalle intercettazioni ambientali \u00e8 parsa chiara l\u2019aggressivit\u00e0 e la mancanza di controllo della maestra, che abitualmente aggrediva i bambini con calci, schiaffi e trascinamenti di peso che costringevano i bimbi a piangere e urlare per chiedere aiuto. Un\u2019altra brutta pagina di cronaca da associare alla vile violenza contro i bambini indifesi. 160921<\/p>\n\n\n\n<div class=\"wp-block-group is-layout-flow wp-block-group-is-layout-flow\"><div class=\"wp-block-group__inner-container\"><\/div><\/div>\n\n\n\n<figure class=\"wp-block-image size-large\"><img loading=\"lazy\" decoding=\"async\" width=\"129\" height=\"200\" src=\"https:\/\/informazione365.net\/wp-content\/uploads\/2021\/11\/cc3-1.jpg\" alt=\"\" class=\"wp-image-2074\"\/><\/figure>\n","protected":false},"excerpt":{"rendered":"<p>Ci risiamo: il reato pi\u00f9 orribile, quello di far del male a bambini innocenti, torna alla ribalta. Stavolta \u00e8 accaduto a Monza. Una maestra, non definibile in un normale contesto sociale, ha malmenato e offeso a pi\u00f9 riprese piccoli che i genitori affidavano a lei con tanta fiducia: \u201cBestia\u201d, \u201coca\u201d, \u201cbeduini\u201d, \u201cti stacco la testa\u201c &hellip;<\/p>\n","protected":false},"author":1,"featured_media":2072,"comment_status":"open","ping_status":"closed","sticky":false,"template":"","format":"standard","meta":{"footnotes":""},"categories":[3,2],"tags":[64,65],"class_list":["post-2071","post","type-post","status-publish","format-standard","has-post-thumbnail","hentry","category-attualita","category-cronaca","tag-maestra-violenta","tag-monza"],"_links":{"self":[{"href":"https:\/\/informazione365.net\/index.php\/wp-json\/wp\/v2\/posts\/2071","targetHints":{"allow":["GET"]}}],"collection":[{"href":"https:\/\/informazione365.net\/index.php\/wp-json\/wp\/v2\/posts"}],"about":[{"href":"https:\/\/informazione365.net\/index.php\/wp-json\/wp\/v2\/types\/post"}],"author":[{"embeddable":true,"href":"https:\/\/informazione365.net\/index.php\/wp-json\/wp\/v2\/users\/1"}],"replies":[{"embeddable":true,"href":"https:\/\/informazione365.net\/index.php\/wp-json\/wp\/v2\/comments?post=2071"}],"version-history":[{"count":0,"href":"https:\/\/informazione365.net\/index.php\/wp-json\/wp\/v2\/posts\/2071\/revisions"}],"wp:featuredmedia":[{"embeddable":true,"href":"https:\/\/informazione365.net\/index.php\/wp-json\/wp\/v2\/media\/2072"}],"wp:attachment":[{"href":"https:\/\/informazione365.net\/index.php\/wp-json\/wp\/v2\/media?parent=2071"}],"wp:term":[{"taxonomy":"category","embeddable":true,"href":"https:\/\/informazione365.net\/index.php\/wp-json\/wp\/v2\/categories?post=2071"},{"taxonomy":"post_tag","embeddable":true,"href":"https:\/\/informazione365.net\/index.php\/wp-json\/wp\/v2\/tags?post=2071"}],"curies":[{"name":"wp","href":"https:\/\/api.w.org\/{rel}","templated":true}]}}