{"id":1826,"date":"2020-09-11T18:00:00","date_gmt":"2020-09-11T16:00:00","guid":{"rendered":"https:\/\/www.informazione365.net\/?p=1826"},"modified":"2020-09-11T18:00:00","modified_gmt":"2020-09-11T16:00:00","slug":"villae-film-festival-iia-edizione","status":"publish","type":"post","link":"https:\/\/informazione365.net\/index.php\/2020\/09\/11\/villae-film-festival-iia-edizione\/","title":{"rendered":"Villae Film Festival &#8211; IIa edizione"},"content":{"rendered":"\n<p>Dal 16 al 27 settembre 2020 la citt\u00e0 di Tivoli ospita, nei due siti dichiarati dall&#8217;UNESCO Patrimonio Mondiale dell&#8217;Umanit\u00e0, Villa Adriana e Villa d\u2019Este, la seconda edizione di Villae Film Festival, rassegna di film in cui l\u2019ARTE, nelle sue molteplici possibilit\u00e0 espressive, \u00e8 protagonista del racconto. Evento unico nel panorama culturale italiano, il progetto \u00e8 realizzato con il patrocinio e il sostegno del MiBACT e della Regione Lazio e&nbsp;organizzato dalle Villae, sotto la direzione artistica di Andrea Bruciati, storico dell\u2019arte e direttore dell\u2019Istituto di Villa Adriana e Villa d\u2019Este, con la consulenza artistica e l&#8217;organizzazione dell&#8217;Associazione Culturale Seven. Nella sua duplice articolazione a Villa d\u2019Este e a Villa Adriana, Villae Film Festival \u00e8 un viaggio alla scoperta del cinema che racconta l\u2019Arte e del cinema che \u00e8 esso stesso Arte. Al centro dell\u2019evento, infatti, ci saranno film che raccontano artisti, opere e movimenti, che riflettono sui protagonisti, sulla storia e sulle idee dell\u2019arte, ma, soprattutto, film di artisti che hanno sentito il bisogno di esprimere la loro creativit\u00e0 attraverso il cinema.<br>\u201cCon la seconda edizione del Villae Film Festival &#8211; commenta Andrea Bruciati &#8211; intraprendiamo un nuovo racconto non convenzionale dei due siti UNESCO. Per la sua unicit\u00e0, il suo legame con la straordinariet\u00e0 degli ambienti e le peculiarit\u00e0 uniche di questi luoghi, il Festival rappresenta un\u2019esperienza unica totale e immersiva. Vorrei sottolineare che le Villae non sono banali cornici al festival, ma racconti vivi, espressioni di un passato proteso al futuro: territori anche della mente che incarnano e sostanziano l\u2019evento\u201d.<\/p>\n\n\n\n<p>Tutte le giornate si aprono alle ore 20.00 con i filmati d\u2019archivio dell\u2019Istituto Luce dedicati alle due ville e alle 20.10 con l\u2019incontro che precede la proiezione del film del giorno, con ospiti registi, attori, produttori sempre introdotti dal direttore artistico Andrea Bruciati.<\/p>\n","protected":false},"excerpt":{"rendered":"<p>Dal 16 al 27 settembre 2020 la citt\u00e0 di Tivoli ospita, nei due siti dichiarati dall&#8217;UNESCO Patrimonio Mondiale dell&#8217;Umanit\u00e0, Villa Adriana e Villa d\u2019Este, la seconda edizione di Villae Film Festival, rassegna di film in cui l\u2019ARTE, nelle sue molteplici possibilit\u00e0 espressive, \u00e8 protagonista del racconto. Evento unico nel panorama culturale italiano, il progetto \u00e8 &hellip;<\/p>\n","protected":false},"author":1,"featured_media":1827,"comment_status":"open","ping_status":"open","sticky":false,"template":"","format":"standard","meta":{"footnotes":""},"categories":[3,28],"tags":[],"class_list":["post-1826","post","type-post","status-publish","format-standard","has-post-thumbnail","hentry","category-attualita","category-promo"],"_links":{"self":[{"href":"https:\/\/informazione365.net\/index.php\/wp-json\/wp\/v2\/posts\/1826","targetHints":{"allow":["GET"]}}],"collection":[{"href":"https:\/\/informazione365.net\/index.php\/wp-json\/wp\/v2\/posts"}],"about":[{"href":"https:\/\/informazione365.net\/index.php\/wp-json\/wp\/v2\/types\/post"}],"author":[{"embeddable":true,"href":"https:\/\/informazione365.net\/index.php\/wp-json\/wp\/v2\/users\/1"}],"replies":[{"embeddable":true,"href":"https:\/\/informazione365.net\/index.php\/wp-json\/wp\/v2\/comments?post=1826"}],"version-history":[{"count":0,"href":"https:\/\/informazione365.net\/index.php\/wp-json\/wp\/v2\/posts\/1826\/revisions"}],"wp:featuredmedia":[{"embeddable":true,"href":"https:\/\/informazione365.net\/index.php\/wp-json\/wp\/v2\/media\/1827"}],"wp:attachment":[{"href":"https:\/\/informazione365.net\/index.php\/wp-json\/wp\/v2\/media?parent=1826"}],"wp:term":[{"taxonomy":"category","embeddable":true,"href":"https:\/\/informazione365.net\/index.php\/wp-json\/wp\/v2\/categories?post=1826"},{"taxonomy":"post_tag","embeddable":true,"href":"https:\/\/informazione365.net\/index.php\/wp-json\/wp\/v2\/tags?post=1826"}],"curies":[{"name":"wp","href":"https:\/\/api.w.org\/{rel}","templated":true}]}}